{"id":208989,"date":"2020-05-11T17:17:04","date_gmt":"2020-05-11T14:17:04","guid":{"rendered":"http:\/\/www.sana.sy\/tr\/?p=208989"},"modified":"2020-05-13T09:02:19","modified_gmt":"2020-05-13T06:02:19","slug":"suriye-venezuella-sahillerine-yonelik-basarisiz-terorist-indirme-girisimini-siddetle-kinadi","status":"publish","type":"post","link":"https:\/\/archive.sana.sy\/tr\/?p=208989","title":{"rendered":"Suriye Venez\u00fcella Sahillerine Y\u00f6nelik Ba\u015far\u0131s\u0131z Ter\u00f6rist \u0130ndirme Giri\u015fimini \u015eiddetle K\u0131nad\u0131"},"content":{"rendered":"<p style=\"text-align: justify;\">\u015eAM \u2013 Suriye, Venez\u00fcella k\u0131y\u0131lar\u0131na y\u00f6nelik ba\u015far\u0131s\u0131z ter\u00f6rist indirme giri\u015fimini \u015fiddetle k\u0131nayarak, Amerikan y\u00f6netimi taraf\u0131ndan ynetilen ve maruz kald\u0131\u011f\u0131 komplo kar\u015f\u0131s\u0131nda Bolivarc\u0131 Venez\u00fcella Cumhuriyeti ile tam dayan\u0131\u015fmas\u0131n\u0131 yeniledi.<\/p>\n<p style=\"text-align: justify;\">D\u0131\u015fi\u015fleri ve Gurbet\u00e7iler Bakanl\u0131\u011f\u0131nda Resmi Kaynak bug\u00fcn SANA&#8217;ya a\u00e7\u0131klamas\u0131nda, Suriye Arap Cumhuriyetinin Venez\u00fcella sahillerine y\u00f6nelik ba\u015far\u0131s\u0131z ter\u00f6rist hava indirme harekat\u0131 giri\u015fimini en sert dille k\u0131nad\u0131\u011f\u0131n\u0131 s\u00f6yledi.<\/p>\n<p style=\"text-align: justify;\">Kaynak, s\u00f6z konusu d\u00fc\u015fmanc\u0131l uygulamalar\u0131n Venez\u00fcella&#8217;n\u0131n maruz kald\u0131\u011f\u0131, Amerikan y\u00f6netiminin lidelik etti\u011fi ve Venez\u00fcella dahilindeki kiral\u0131klar\u0131 taraf\u0131ndan edatlar\u0131n\u0131n uygulad\u0131\u011f\u0131, komplolar\u0131n bir devam\u0131, egemenli\u011fine a\u00e7\u0131k ihlal ve i\u00e7i\u015flerine m\u00fcdahale oldu\u011funu vurgulad\u0131.<\/p>\n<p style=\"text-align: justify;\">Kaynak, Suriye Arap Cumhuriyetinin Bolivarc\u0131 Venez\u00fcella Cumhuriyeti ve Ba\u015fkan Nicolas Madoro ile temsil olunan me\u015fru y\u00f6netimi ile tam dayan\u0131\u015fmas\u0131n\u0131 yineleyerek, Amerikan&#8217;\u0131n Venez\u00fcella&#8217;n\u0131n i\u00e7i\u015flerine m\u00fcdahalelerine s\u0131n\u0131r koyulmas\u0131na \u00e7a\u011fr\u0131 yapt\u0131.<\/p>\n","protected":false},"excerpt":{"rendered":"<p>\u015eAM \u2013 Suriye, Venez\u00fcella k\u0131y\u0131lar\u0131na y\u00f6nelik ba\u015far\u0131s\u0131z ter\u00f6rist indirme giri\u015fimini \u015fiddetle k\u0131nayarak, Amerikan y\u00f6netimi taraf\u0131ndan ynetilen ve maruz kald\u0131\u011f\u0131 komplo kar\u015f\u0131s\u0131nda Bolivarc\u0131 Venez\u00fcella Cumhuriyeti ile tam dayan\u0131\u015fmas\u0131n\u0131 yeniledi. D\u0131\u015fi\u015fleri ve Gurbet\u00e7iler Bakanl\u0131\u011f\u0131nda Resmi Kaynak bug\u00fcn SANA&#8217;ya a\u00e7\u0131klamas\u0131nda, Suriye Arap Cumhuriyetinin Venez\u00fcella sahillerine y\u00f6nelik ba\u015far\u0131s\u0131z ter\u00f6rist hava indirme harekat\u0131 giri\u015fimini en sert dille k\u0131nad\u0131\u011f\u0131n\u0131 s\u00f6yledi. Kaynak, &hellip;<\/p>\n","protected":false},"author":1,"featured_media":0,"comment_status":"closed","ping_status":"closed","sticky":false,"template":"","format":"standard","meta":{"footnotes":""},"categories":[479,17988,478],"tags":[],"class_list":["post-208989","post","type-post","status-publish","format-standard","","category-haberler-yerel","category-son-haberler","category-yerel"],"_links":{"self":[{"href":"https:\/\/archive.sana.sy\/tr\/index.php?rest_route=\/wp\/v2\/posts\/208989","targetHints":{"allow":["GET"]}}],"collection":[{"href":"https:\/\/archive.sana.sy\/tr\/index.php?rest_route=\/wp\/v2\/posts"}],"about":[{"href":"https:\/\/archive.sana.sy\/tr\/index.php?rest_route=\/wp\/v2\/types\/post"}],"author":[{"embeddable":true,"href":"https:\/\/archive.sana.sy\/tr\/index.php?rest_route=\/wp\/v2\/users\/1"}],"replies":[{"embeddable":true,"href":"https:\/\/archive.sana.sy\/tr\/index.php?rest_route=%2Fwp%2Fv2%2Fcomments&post=208989"}],"version-history":[{"count":0,"href":"https:\/\/archive.sana.sy\/tr\/index.php?rest_route=\/wp\/v2\/posts\/208989\/revisions"}],"wp:attachment":[{"href":"https:\/\/archive.sana.sy\/tr\/index.php?rest_route=%2Fwp%2Fv2%2Fmedia&parent=208989"}],"wp:term":[{"taxonomy":"category","embeddable":true,"href":"https:\/\/archive.sana.sy\/tr\/index.php?rest_route=%2Fwp%2Fv2%2Fcategories&post=208989"},{"taxonomy":"post_tag","embeddable":true,"href":"https:\/\/archive.sana.sy\/tr\/index.php?rest_route=%2Fwp%2Fv2%2Ftags&post=208989"}],"curies":[{"name":"wp","href":"https:\/\/api.w.org\/{rel}","templated":true}]}}