{"id":208992,"date":"2020-05-11T21:13:17","date_gmt":"2020-05-11T18:13:17","guid":{"rendered":"http:\/\/www.sana.sy\/tr\/?p=208992"},"modified":"2020-05-13T09:09:49","modified_gmt":"2020-05-13T06:09:49","slug":"ordu-birlikleri-teroristlerin-saldirdigi-askeri-noktayi-geri-alarak-agir-kayiplara-ugratti","status":"publish","type":"post","link":"https:\/\/archive.sana.sy\/tr\/?p=208992","title":{"rendered":"Ordu Birlikleri Ter\u00f6ristlerin Sald\u0131rd\u0131\u011f\u0131 Askeri Noktay\u0131 Geri Alarak A\u011f\u0131r Kay\u0131plara U\u011fratt\u0131"},"content":{"rendered":"<p style=\"text-align: justify;\">HAMA \u2013 Suriye Arap Ordu Birlikleri Hama&#8217;n\u0131n kuzeybat\u0131s\u0131ndaki El Gap Ovas\u0131&#8217;n\u0131n kuzeyindeki el Tancara K\u00f6y\u00fcnde askeri noktalardan birine sald\u0131rna ter\u00f6rist gruplar\u0131 a\u011f\u0131r kay\u0131plara u\u011fratt\u0131.<\/p>\n<p style=\"text-align: justify;\">Askeri Kaynak SANA&#8217;ya a\u00e7\u0131klamas\u0131nda, s\u00f6zde &#8220;T\u00fcrkistan Partisi&#8221; ve &#8220;Hurras el Din&#8221; adl\u0131 ter\u00f6rist gruplar\u0131n d\u00fcn \u00f6\u011fleden \u00f6nce el Gap Ovas\u0131 b\u00f6lgesinin kuzeyindeki el Tancara K\u00f6y\u00fcndeki askeri noktalardan birine s\u0131zmaya ba\u015flad\u0131klar\u0131n\u0131 ve noktay\u0131 a\u011f\u0131r havan mermileriyle a\u011f\u0131r ve orta otomatik silahlarla\u00a0 hedef ald\u0131klar\u0131n\u0131 bunun sonucunda nokta elemanlar\u0131n\u0131n can kayb\u0131n\u0131 \u00f6nlemek amac\u0131yla noktay\u0131 bo\u015faltmalar\u0131na itti\u011fini s\u00f6yledi.<\/p>\n<p style=\"text-align: justify;\">Kaynak, &#8220;olay ertesinde derhal, bu sabaha kadar s\u00fcren aksi sald\u0131r\u0131lar ba\u015flatmak i\u00e7in gerekli icraatlar\u0131 ald\u0131klar\u0131n\u0131 ve askerlerimizin askeri noktay\u0131 almalar\u0131 ve ter\u00f6ristleri say\u0131 ve te\u00e7hizat bak\u0131m\u0131ndan a\u011f\u0131r kay\u0131plara u\u011fratmalar\u0131 ard\u0131ndan durumlar\u0131 oldu\u011fu gibi eskisine \u00e7evirdiklerini&#8221; dile getirdi.<\/p>\n<p style=\"text-align: justify;\">Kaynak, \u015fiddetli \u00e7at\u0131\u015fmalar\u0131n askerlerimizden baz\u0131lar\u0131n\u0131 \u015fehit ve yaral\u0131 d\u00fc\u015fmesine yol a\u00e7t\u0131\u011f\u0131n\u0131 belirterek, tedav\u00fcle edilen t\u00fcm isimlerin do\u011fru olmad\u0131\u011f\u0131n\u0131 ve \u00e7at\u0131\u015fmalar\u0131n ya\u015fand\u0131\u011f\u0131 noktadakilerden hi\u00e7bir ismin bulunmad\u0131\u011f\u0131na dikkat \u00e7ekti.<\/p>\n","protected":false},"excerpt":{"rendered":"<p>HAMA \u2013 Suriye Arap Ordu Birlikleri Hama&#8217;n\u0131n kuzeybat\u0131s\u0131ndaki El Gap Ovas\u0131&#8217;n\u0131n kuzeyindeki el Tancara K\u00f6y\u00fcnde askeri noktalardan birine sald\u0131rna ter\u00f6rist gruplar\u0131 a\u011f\u0131r kay\u0131plara u\u011fratt\u0131. Askeri Kaynak SANA&#8217;ya a\u00e7\u0131klamas\u0131nda, s\u00f6zde &#8220;T\u00fcrkistan Partisi&#8221; ve &#8220;Hurras el Din&#8221; adl\u0131 ter\u00f6rist gruplar\u0131n d\u00fcn \u00f6\u011fleden \u00f6nce el Gap Ovas\u0131 b\u00f6lgesinin kuzeyindeki el Tancara K\u00f6y\u00fcndeki askeri noktalardan birine s\u0131zmaya ba\u015flad\u0131klar\u0131n\u0131 ve &hellip;<\/p>\n","protected":false},"author":1,"featured_media":0,"comment_status":"closed","ping_status":"closed","sticky":false,"template":"","format":"standard","meta":{"footnotes":""},"categories":[479,575,17988,478],"tags":[],"class_list":["post-208992","post","type-post","status-publish","format-standard","","category-haberler-yerel","category-olaylar-ve-gercekler","category-son-haberler","category-yerel"],"_links":{"self":[{"href":"https:\/\/archive.sana.sy\/tr\/index.php?rest_route=\/wp\/v2\/posts\/208992","targetHints":{"allow":["GET"]}}],"collection":[{"href":"https:\/\/archive.sana.sy\/tr\/index.php?rest_route=\/wp\/v2\/posts"}],"about":[{"href":"https:\/\/archive.sana.sy\/tr\/index.php?rest_route=\/wp\/v2\/types\/post"}],"author":[{"embeddable":true,"href":"https:\/\/archive.sana.sy\/tr\/index.php?rest_route=\/wp\/v2\/users\/1"}],"replies":[{"embeddable":true,"href":"https:\/\/archive.sana.sy\/tr\/index.php?rest_route=%2Fwp%2Fv2%2Fcomments&post=208992"}],"version-history":[{"count":0,"href":"https:\/\/archive.sana.sy\/tr\/index.php?rest_route=\/wp\/v2\/posts\/208992\/revisions"}],"wp:attachment":[{"href":"https:\/\/archive.sana.sy\/tr\/index.php?rest_route=%2Fwp%2Fv2%2Fmedia&parent=208992"}],"wp:term":[{"taxonomy":"category","embeddable":true,"href":"https:\/\/archive.sana.sy\/tr\/index.php?rest_route=%2Fwp%2Fv2%2Fcategories&post=208992"},{"taxonomy":"post_tag","embeddable":true,"href":"https:\/\/archive.sana.sy\/tr\/index.php?rest_route=%2Fwp%2Fv2%2Ftags&post=208992"}],"curies":[{"name":"wp","href":"https:\/\/api.w.org\/{rel}","templated":true}]}}