{"id":208995,"date":"2020-05-11T21:33:36","date_gmt":"2020-05-11T18:33:36","guid":{"rendered":"http:\/\/www.sana.sy\/tr\/?p=208995"},"modified":"2020-05-13T09:11:15","modified_gmt":"2020-05-13T06:11:15","slug":"kuveytten-257-kisiyle-birlikte-bugun-yeni-bir-ucak-daha-sama-vardi","status":"publish","type":"post","link":"https:\/\/archive.sana.sy\/tr\/?p=208995","title":{"rendered":"K\u00fcveyt&#8217;ten 257 Ki\u015fiyle Birlikte Bug\u00fcn Yeni Bir U\u00e7ak Daha \u015eam&#8217;a Vard\u0131"},"content":{"rendered":"<p>\u015eAM \u2013 Korona vir\u00fcs\u00fcne kar\u015f\u0131 koyma icraatlar\u0131yla ilgili h\u00fckumet ekibinin kararlar\u0131n\u0131 uygulama \u00e7er\u00e7evesinde bug\u00fcn K\u00fcveyt&#8217;ten Suriye Hava Yollar\u0131na ait bir u\u00e7ak bug\u00fcn 257 yolcu ile birlikte Uluslararas\u0131 \u015eam Havaalan\u0131na vard\u0131.<\/p>\n<p>Gelen yolcular \u00f6zel otob\u00fcslerle \u015eam Basil el Esad \u00d6\u011frenci Yurdundaki 21. Binadaki karantina merkezine 14 g\u00fcn ikamet etmek \u00fczere nakledildi.<\/p>\n<p>\u015eam Sa\u011fl\u0131k m\u00fcdiresi Hezar Raif Gazetecilere verdi\u011fi deme\u00e7te, u\u00e7ak yolcular\u0131n\u0131n \u00e7o\u011funlu\u011funun ya\u015fl\u0131 ve sa\u011fl\u0131k sorunlar\u0131 oldu\u011funu durumlar\u0131n\u0131 murakebe alt\u0131na al\u0131nacaklar\u0131n\u0131, karantinadaki ikametleri esnas\u0131nda da gerekli t\u00fcm sa\u011fl\u0131k kontrollerinin ve tedavinin sunulaca\u011f\u0131n\u0131 dile getirdi.<\/p>\n","protected":false},"excerpt":{"rendered":"<p>\u015eAM \u2013 Korona vir\u00fcs\u00fcne kar\u015f\u0131 koyma icraatlar\u0131yla ilgili h\u00fckumet ekibinin kararlar\u0131n\u0131 uygulama \u00e7er\u00e7evesinde bug\u00fcn K\u00fcveyt&#8217;ten Suriye Hava Yollar\u0131na ait bir u\u00e7ak bug\u00fcn 257 yolcu ile birlikte Uluslararas\u0131 \u015eam Havaalan\u0131na vard\u0131. Gelen yolcular \u00f6zel otob\u00fcslerle \u015eam Basil el Esad \u00d6\u011frenci Yurdundaki 21. Binadaki karantina merkezine 14 g\u00fcn ikamet etmek \u00fczere nakledildi. \u015eam Sa\u011fl\u0131k m\u00fcdiresi Hezar Raif &hellip;<\/p>\n","protected":false},"author":1,"featured_media":208996,"comment_status":"closed","ping_status":"closed","sticky":false,"template":"","format":"standard","meta":{"footnotes":""},"categories":[526,479,17988,525,478],"tags":[],"class_list":["post-208995","post","type-post","status-publish","format-standard","has-post-thumbnail","","category-haber-ve-raporlar","category-haberler-yerel","category-son-haberler","category-toplum","category-yerel"],"_links":{"self":[{"href":"https:\/\/archive.sana.sy\/tr\/index.php?rest_route=\/wp\/v2\/posts\/208995","targetHints":{"allow":["GET"]}}],"collection":[{"href":"https:\/\/archive.sana.sy\/tr\/index.php?rest_route=\/wp\/v2\/posts"}],"about":[{"href":"https:\/\/archive.sana.sy\/tr\/index.php?rest_route=\/wp\/v2\/types\/post"}],"author":[{"embeddable":true,"href":"https:\/\/archive.sana.sy\/tr\/index.php?rest_route=\/wp\/v2\/users\/1"}],"replies":[{"embeddable":true,"href":"https:\/\/archive.sana.sy\/tr\/index.php?rest_route=%2Fwp%2Fv2%2Fcomments&post=208995"}],"version-history":[{"count":0,"href":"https:\/\/archive.sana.sy\/tr\/index.php?rest_route=\/wp\/v2\/posts\/208995\/revisions"}],"wp:featuredmedia":[{"embeddable":true,"href":"https:\/\/archive.sana.sy\/tr\/index.php?rest_route=\/wp\/v2\/media\/208996"}],"wp:attachment":[{"href":"https:\/\/archive.sana.sy\/tr\/index.php?rest_route=%2Fwp%2Fv2%2Fmedia&parent=208995"}],"wp:term":[{"taxonomy":"category","embeddable":true,"href":"https:\/\/archive.sana.sy\/tr\/index.php?rest_route=%2Fwp%2Fv2%2Fcategories&post=208995"},{"taxonomy":"post_tag","embeddable":true,"href":"https:\/\/archive.sana.sy\/tr\/index.php?rest_route=%2Fwp%2Fv2%2Ftags&post=208995"}],"curies":[{"name":"wp","href":"https:\/\/api.w.org\/{rel}","templated":true}]}}