{"id":208998,"date":"2020-05-11T22:17:29","date_gmt":"2020-05-11T19:17:29","guid":{"rendered":"http:\/\/www.sana.sy\/tr\/?p=208998"},"modified":"2020-05-13T09:03:32","modified_gmt":"2020-05-13T06:03:32","slug":"mikdat-dsonun-politikalastirmadan-uzak-sekilde-insani-calismaya-bagli-kalmasi-gerekiyor","status":"publish","type":"post","link":"https:\/\/archive.sana.sy\/tr\/?p=208998","title":{"rendered":"Mikdat, DS\u00d6\u2019n\u00fcn Politikala\u015ft\u0131rmadan Uzak \u015eekilde \u0130nsani \u00c7al\u0131\u015fmaya Ba\u011fl\u0131 Kalmas\u0131 Gerekiyor"},"content":{"rendered":"<p>\u015eAM \u2013 D\u0131\u015fi\u015fleri ve Gurbet\u00e7iler Bakan Yrd. Dr. Faysal Mikdat, D\u00fcnya Sa\u011fl\u0131k \u00d6rg\u00fct\u00fc\u2019n\u00fcn yeni Suriye temsilcisi Akcemal Mahtumova ile bir araya geldi.<\/p>\n<p>Mikdat, kendisine g\u00fcven mektubunu sunan Mahtumova\u2019ya yeni g\u00f6revinde ba\u015far\u0131lar diledi.<img loading=\"lazy\" decoding=\"async\" class=\"size-medium wp-image-208999 alignright\" src=\"http:\/\/www.sana.sy\/tr\/wp-content\/uploads\/2020\/05\/71-300x180.jpg\" alt=\"\" width=\"300\" height=\"180\" srcset=\"https:\/\/archive.sana.sy\/tr\/wp-content\/uploads\/2020\/05\/71-300x180.jpg 300w, https:\/\/archive.sana.sy\/tr\/wp-content\/uploads\/2020\/05\/71-150x90.jpg 150w, https:\/\/archive.sana.sy\/tr\/wp-content\/uploads\/2020\/05\/71.jpg 660w\" sizes=\"auto, (max-width: 300px) 100vw, 300px\" \/><\/p>\n<p>Suriye h\u00fck\u00fcmeti ile DS\u00d6 aras\u0131ndaki i\u015fbirli\u011fin peki\u015ftirilmesine vurgulayan Mikdat, Koronavir\u00fcs\u00fcn yay\u0131lmas\u0131 s\u0131ras\u0131ndaki i\u015fbirli\u011fe i\u015faret etti ve Suriye h\u00fck\u00fcmetin vir\u00fcs\u00fcn yay\u0131lmas\u0131na kar\u015f\u0131 koymak i\u00e7in ald\u0131\u011f\u0131 tedbirlerin sonu\u00e7lar\u0131na dikkat \u00e7ekti.<\/p>\n<p>D\u0131\u015fi\u015fleri Bakan Yrd. Mikdat, ABD ve Bat\u0131n\u0131n Suriye\u2019ye y\u00f6nelik tek tarafl\u0131 zorunlu yapt\u0131r\u0131mlar\u0131n k\u0131namas\u0131n\u0131 yineledi. Bu yapt\u0131r\u0131mlar\u0131n ahlaks\u0131z ve insand\u0131\u015f\u0131 olup BM misak\u0131na ayk\u0131r\u0131 oldu\u011funu vurgulad\u0131.<\/p>\n<p>Kendi y\u00f6n\u00fcnden Mahtumova, Suriye halk\u0131n\u0131n \u00e7\u0131kar\u0131 ve sa\u011fl\u0131k zorluklar\u0131 ortadan kald\u0131rmak amac\u0131yla Suriye h\u00fck\u00fcmeti ile her t\u00fcrl\u00fc i\u015fbirli\u011fe haz\u0131r oldu\u011funu belirtti.<\/p>\n<p>Kumeyt Yusuf<\/p>\n<p>&nbsp;<\/p>\n","protected":false},"excerpt":{"rendered":"<p>\u015eAM \u2013 D\u0131\u015fi\u015fleri ve Gurbet\u00e7iler Bakan Yrd. Dr. Faysal Mikdat, D\u00fcnya Sa\u011fl\u0131k \u00d6rg\u00fct\u00fc\u2019n\u00fcn yeni Suriye temsilcisi Akcemal Mahtumova ile bir araya geldi. Mikdat, kendisine g\u00fcven mektubunu sunan Mahtumova\u2019ya yeni g\u00f6revinde ba\u015far\u0131lar diledi. Suriye h\u00fck\u00fcmeti ile DS\u00d6 aras\u0131ndaki i\u015fbirli\u011fin peki\u015ftirilmesine vurgulayan Mikdat, Koronavir\u00fcs\u00fcn yay\u0131lmas\u0131 s\u0131ras\u0131ndaki i\u015fbirli\u011fe i\u015faret etti ve Suriye h\u00fck\u00fcmetin vir\u00fcs\u00fcn yay\u0131lmas\u0131na kar\u015f\u0131 koymak i\u00e7in &hellip;<\/p>\n","protected":false},"author":1,"featured_media":209000,"comment_status":"closed","ping_status":"closed","sticky":false,"template":"","format":"standard","meta":{"footnotes":""},"categories":[479,447,17988,478],"tags":[],"class_list":["post-208998","post","type-post","status-publish","format-standard","has-post-thumbnail","","category-haberler-yerel","category-politika","category-son-haberler","category-yerel"],"_links":{"self":[{"href":"https:\/\/archive.sana.sy\/tr\/index.php?rest_route=\/wp\/v2\/posts\/208998","targetHints":{"allow":["GET"]}}],"collection":[{"href":"https:\/\/archive.sana.sy\/tr\/index.php?rest_route=\/wp\/v2\/posts"}],"about":[{"href":"https:\/\/archive.sana.sy\/tr\/index.php?rest_route=\/wp\/v2\/types\/post"}],"author":[{"embeddable":true,"href":"https:\/\/archive.sana.sy\/tr\/index.php?rest_route=\/wp\/v2\/users\/1"}],"replies":[{"embeddable":true,"href":"https:\/\/archive.sana.sy\/tr\/index.php?rest_route=%2Fwp%2Fv2%2Fcomments&post=208998"}],"version-history":[{"count":0,"href":"https:\/\/archive.sana.sy\/tr\/index.php?rest_route=\/wp\/v2\/posts\/208998\/revisions"}],"wp:featuredmedia":[{"embeddable":true,"href":"https:\/\/archive.sana.sy\/tr\/index.php?rest_route=\/wp\/v2\/media\/209000"}],"wp:attachment":[{"href":"https:\/\/archive.sana.sy\/tr\/index.php?rest_route=%2Fwp%2Fv2%2Fmedia&parent=208998"}],"wp:term":[{"taxonomy":"category","embeddable":true,"href":"https:\/\/archive.sana.sy\/tr\/index.php?rest_route=%2Fwp%2Fv2%2Fcategories&post=208998"},{"taxonomy":"post_tag","embeddable":true,"href":"https:\/\/archive.sana.sy\/tr\/index.php?rest_route=%2Fwp%2Fv2%2Ftags&post=208998"}],"curies":[{"name":"wp","href":"https:\/\/api.w.org\/{rel}","templated":true}]}}