{"id":209012,"date":"2020-05-12T18:16:58","date_gmt":"2020-05-12T15:16:58","guid":{"rendered":"http:\/\/www.sana.sy\/tr\/?p=209012"},"modified":"2020-05-14T08:21:25","modified_gmt":"2020-05-14T05:21:25","slug":"usyf-gunluk-ve-mevsimlik-iscilere-issizlik-odenegi-vermeyi-kararlastirdi","status":"publish","type":"post","link":"https:\/\/archive.sana.sy\/tr\/?p=209012","title":{"rendered":"USYF G\u00fcnl\u00fck ve Mevsimlik \u0130\u015f\u00e7ilere \u0130\u015fsizlik \u00d6dene\u011fi Vermeyi Kararla\u015ft\u0131rd\u0131"},"content":{"rendered":"<p style=\"text-align: justify;\">\u015eAM &#8211; Ulusal Sosyal Yard\u0131m Fonu y\u00f6netim kurulu, korona vir\u00fcs\u00fcyle m\u00fccadelede ihtiyati tedbirler sonucunda en \u00e7ok zarar g\u00f6ren sekt\u00f6rler gere\u011fince g\u00fcml\u00fck ve mevsimlik i\u015f\u00e7ilerden her birine tek seferlik olmak \u00fczere 100 bin Suriye Liras\u0131 \u00f6demeyi kararla\u015ft\u0131rd\u0131.<\/p>\n<p style=\"text-align: justify;\">Birinci etapta turizm sekt\u00f6r\u00fcndeki, &#8220;kafeterya, kahvehane, d\u00fc\u011f\u00fcn ve halk m\u00fcnasebetleri salon \u00e7al\u0131\u015fanlar\u0131, turistik tesis ve rehberler&#8221; ilgili sendikalar\u0131 kanal\u0131yla beyanatlar\u0131 belirlenenlere ek olarak, servis \u015fof\u00f6rleri, in\u015faat sekt\u00f6r\u00fc, zanaatkarlar, oryantalist el i\u015f\u00e7ileri, tarihi eser \u00e7al\u0131\u015fanlar\u0131 gibi sosyal i\u015fler bakanl\u0131\u011f\u0131nda tescillilerden 20 bin i\u015f\u00e7iyi kaps\u0131yor.<\/p>\n<p style=\"text-align: justify;\">Sosyal \u0130\u015fler Bakanl\u0131\u011f\u0131 ve Maliye Bakanl\u0131klar\u0131 aras\u0131ndaki koordinasyonlar i\u015fsizlik \u00f6dene\u011finden yararlananlara illerdeki muhtelif b\u00f6lgelere yeti\u015ftirmesi i\u00e7in maliye mutemetlerinin teklifi kanal\u0131yla \u00f6denmesi onayland\u0131.<\/p>\n","protected":false},"excerpt":{"rendered":"<p>\u015eAM &#8211; Ulusal Sosyal Yard\u0131m Fonu y\u00f6netim kurulu, korona vir\u00fcs\u00fcyle m\u00fccadelede ihtiyati tedbirler sonucunda en \u00e7ok zarar g\u00f6ren sekt\u00f6rler gere\u011fince g\u00fcml\u00fck ve mevsimlik i\u015f\u00e7ilerden her birine tek seferlik olmak \u00fczere 100 bin Suriye Liras\u0131 \u00f6demeyi kararla\u015ft\u0131rd\u0131. Birinci etapta turizm sekt\u00f6r\u00fcndeki, &#8220;kafeterya, kahvehane, d\u00fc\u011f\u00fcn ve halk m\u00fcnasebetleri salon \u00e7al\u0131\u015fanlar\u0131, turistik tesis ve rehberler&#8221; ilgili sendikalar\u0131 kanal\u0131yla &hellip;<\/p>\n","protected":false},"author":1,"featured_media":0,"comment_status":"closed","ping_status":"closed","sticky":false,"template":"","format":"standard","meta":{"footnotes":""},"categories":[479,17988,478],"tags":[],"class_list":["post-209012","post","type-post","status-publish","format-standard","","category-haberler-yerel","category-son-haberler","category-yerel"],"_links":{"self":[{"href":"https:\/\/archive.sana.sy\/tr\/index.php?rest_route=\/wp\/v2\/posts\/209012","targetHints":{"allow":["GET"]}}],"collection":[{"href":"https:\/\/archive.sana.sy\/tr\/index.php?rest_route=\/wp\/v2\/posts"}],"about":[{"href":"https:\/\/archive.sana.sy\/tr\/index.php?rest_route=\/wp\/v2\/types\/post"}],"author":[{"embeddable":true,"href":"https:\/\/archive.sana.sy\/tr\/index.php?rest_route=\/wp\/v2\/users\/1"}],"replies":[{"embeddable":true,"href":"https:\/\/archive.sana.sy\/tr\/index.php?rest_route=%2Fwp%2Fv2%2Fcomments&post=209012"}],"version-history":[{"count":0,"href":"https:\/\/archive.sana.sy\/tr\/index.php?rest_route=\/wp\/v2\/posts\/209012\/revisions"}],"wp:attachment":[{"href":"https:\/\/archive.sana.sy\/tr\/index.php?rest_route=%2Fwp%2Fv2%2Fmedia&parent=209012"}],"wp:term":[{"taxonomy":"category","embeddable":true,"href":"https:\/\/archive.sana.sy\/tr\/index.php?rest_route=%2Fwp%2Fv2%2Fcategories&post=209012"},{"taxonomy":"post_tag","embeddable":true,"href":"https:\/\/archive.sana.sy\/tr\/index.php?rest_route=%2Fwp%2Fv2%2Ftags&post=209012"}],"curies":[{"name":"wp","href":"https:\/\/api.w.org\/{rel}","templated":true}]}}