{"id":209015,"date":"2020-05-12T18:41:13","date_gmt":"2020-05-12T15:41:13","guid":{"rendered":"http:\/\/www.sana.sy\/tr\/?p=209015"},"modified":"2020-05-14T08:21:31","modified_gmt":"2020-05-14T05:21:31","slug":"el-sarika-emirliginden-260-yolcu-ile-gelen-ucak-uluslararasi-lazkiye-havaalanina-vardi","status":"publish","type":"post","link":"https:\/\/archive.sana.sy\/tr\/?p=209015","title":{"rendered":"El \u015earika Emirli\u011finden 260 Yolcu \u0130le Gelen U\u00e7ak Uluslararas\u0131 Lazkiye Havaalan\u0131na Vard\u0131"},"content":{"rendered":"<p style=\"text-align: justify;\">LAZK\u0130YE \u2013 Korona vir\u00fcs\u00fcne kar\u015f\u0131 koyma icraatlar\u0131yla ilgili h\u00fckumet ekibinin kararlar\u0131n\u0131 uygulama \u00e7ar\u00e7evesinde bug\u00fcn El \u015earika Emirli\u011finden Suriye Hava Yollar\u0131na ait bir u\u00e7ak bug\u00fcn 260 yolcu ile birlikte Uluslararas\u0131 Lazkiye Havaalan\u0131na vard\u0131.<\/p>\n<p style=\"text-align: justify;\">Lazkiye Sa\u011fl\u0131k M\u00fcd\u00fcrl\u00fc\u011f\u00fc Genel Sa\u011fl\u0131k Program\u0131 Dairesi Ba\u015fkan\u0131 Dr. Vefa Hallum gazetecilere verdi\u011fi deme\u00e7te, yolcu u\u00e7aklar\u0131n\u0131 sapl\u0131k ek\u015fplerince kar\u015f\u0131land\u0131\u011f\u0131n\u0131 ve gerekli sa\u011fl\u0131k kontrollerini yapt\u0131klar\u0131n\u0131 s\u00f6yleyerek, haz\u0131rlanan otob\u00fcslerle Lamera ve Cote Da Zour Otelleri Karantina merkezlerine al\u0131nd\u0131klar\u0131n\u0131, burada 14 g\u00fcn karantinda kalacaklar\u0131n\u0131, ve acil durunmlar i\u00e7in 3 ambulans arac\u0131n\u0131n bulundu\u011funu dile getirdi.<\/p>\n<p style=\"text-align: justify;\">Bula\u015f\u0131c\u0131 ve Kronik Hastal\u0131klar B\u00f6l\u00fcm Ba\u015fkan\u0131 Dr. Safa Dibeh, iki otelde kalacak vatanda\u015flar\u0131n g\u00fcn\u00fcn her saatinde gerekli t\u0131bbi bak\u0131m\u0131 sa\u011flamak ve sakinlerin s\u0131cakl\u0131\u011f\u0131 g\u00fcnde \u00fc\u00e7 kez \u00f6l\u00e7\u00fclecek ve sa\u011fl\u0131k durumlar\u0131n\u0131 tamamen takip edecek ve herhangi bir \u015f\u00fcphe varsa doktoru bilgilendirecekleri nitelikli t\u0131bbi kadrolar oldu\u011funu belirtti.<\/p>\n","protected":false},"excerpt":{"rendered":"<p>LAZK\u0130YE \u2013 Korona vir\u00fcs\u00fcne kar\u015f\u0131 koyma icraatlar\u0131yla ilgili h\u00fckumet ekibinin kararlar\u0131n\u0131 uygulama \u00e7ar\u00e7evesinde bug\u00fcn El \u015earika Emirli\u011finden Suriye Hava Yollar\u0131na ait bir u\u00e7ak bug\u00fcn 260 yolcu ile birlikte Uluslararas\u0131 Lazkiye Havaalan\u0131na vard\u0131. Lazkiye Sa\u011fl\u0131k M\u00fcd\u00fcrl\u00fc\u011f\u00fc Genel Sa\u011fl\u0131k Program\u0131 Dairesi Ba\u015fkan\u0131 Dr. Vefa Hallum gazetecilere verdi\u011fi deme\u00e7te, yolcu u\u00e7aklar\u0131n\u0131 sapl\u0131k ek\u015fplerince kar\u015f\u0131land\u0131\u011f\u0131n\u0131 ve gerekli sa\u011fl\u0131k kontrollerini &hellip;<\/p>\n","protected":false},"author":1,"featured_media":0,"comment_status":"closed","ping_status":"closed","sticky":false,"template":"","format":"standard","meta":{"footnotes":""},"categories":[526,479,17988,525,478],"tags":[],"class_list":["post-209015","post","type-post","status-publish","format-standard","","category-haber-ve-raporlar","category-haberler-yerel","category-son-haberler","category-toplum","category-yerel"],"_links":{"self":[{"href":"https:\/\/archive.sana.sy\/tr\/index.php?rest_route=\/wp\/v2\/posts\/209015","targetHints":{"allow":["GET"]}}],"collection":[{"href":"https:\/\/archive.sana.sy\/tr\/index.php?rest_route=\/wp\/v2\/posts"}],"about":[{"href":"https:\/\/archive.sana.sy\/tr\/index.php?rest_route=\/wp\/v2\/types\/post"}],"author":[{"embeddable":true,"href":"https:\/\/archive.sana.sy\/tr\/index.php?rest_route=\/wp\/v2\/users\/1"}],"replies":[{"embeddable":true,"href":"https:\/\/archive.sana.sy\/tr\/index.php?rest_route=%2Fwp%2Fv2%2Fcomments&post=209015"}],"version-history":[{"count":0,"href":"https:\/\/archive.sana.sy\/tr\/index.php?rest_route=\/wp\/v2\/posts\/209015\/revisions"}],"wp:attachment":[{"href":"https:\/\/archive.sana.sy\/tr\/index.php?rest_route=%2Fwp%2Fv2%2Fmedia&parent=209015"}],"wp:term":[{"taxonomy":"category","embeddable":true,"href":"https:\/\/archive.sana.sy\/tr\/index.php?rest_route=%2Fwp%2Fv2%2Fcategories&post=209015"},{"taxonomy":"post_tag","embeddable":true,"href":"https:\/\/archive.sana.sy\/tr\/index.php?rest_route=%2Fwp%2Fv2%2Ftags&post=209015"}],"curies":[{"name":"wp","href":"https:\/\/api.w.org\/{rel}","templated":true}]}}