{"id":209018,"date":"2020-05-12T20:31:24","date_gmt":"2020-05-12T17:31:24","guid":{"rendered":"http:\/\/www.sana.sy\/tr\/?p=209018"},"modified":"2020-05-14T08:21:33","modified_gmt":"2020-05-14T05:21:33","slug":"desise-ve-el-kahire-koy-halki-amerikan-isgal-konvoyuna-karsi-koydu","status":"publish","type":"post","link":"https:\/\/archive.sana.sy\/tr\/?p=209018","title":{"rendered":"De\u015fi\u015fe ve El Kahire K\u00f6y Halk\u0131 Amerikan \u0130\u015fgal Konvoyuna Kar\u015f\u0131 Koydu (V\u0130DEO)"},"content":{"rendered":"<p style=\"text-align: justify;\">HASEKE \u2013 Haseke k\u0131rsal\u0131 Tel Temr Beldesi k\u0131rsal\u0131ndaki k\u00f6y ahalisi Amerikan i\u015fgal kuvvetlerine ait bir askeri ara\u00e7 konvoyuna kar\u015f\u0131 koyarak Amerikan i\u015fgal kuvvetlerinin Suriye topraklar\u0131 \u00fczerindeki herhangi varl\u0131\u011f\u0131n\u0131 reddetmeleri \u00e7er\u00e7evesinde geldikleri yere d\u00f6nmeye mecbur etti.<\/p>\n<p style=\"text-align: justify;\">Yerel kaynaklar SANA muhabirine a\u00e7\u0131klamas\u0131nda, Haseke ili kuzeybat\u0131s\u0131ndaki Tel Temr k\u0131rsal\u0131n\u0131n el De\u015fi\u015fe ve el Kahire K\u00f6y\u00fc halk\u0131n\u0131n bug\u00fcn \u00f6\u011fleden sonra Amerikan i\u015fgal kuvvetlerine ait bir askeri ara\u00e7 konvoyuna kar\u015f\u0131 koydu\u011funu ve ge\u00e7i\u015fini engellediklerini daha sonra b\u00f6lgelerinde herhangi bir Amerikan i\u015fgal varl\u0131\u011f\u0131n\u0131 reddeden sloganlar e\u015fli\u011finde geldikleri yere d\u00f6nmeye mecbur ettiklerini dile getirdi.<\/p>\n<p style=\"text-align: justify;\">Kaynaklar, i\u015fgal ara\u00e7lar\u0131n\u0131n daha sonra b\u00f6lgede bulunan gayri me\u015fru\u00a0 \u00fcslerine do\u011fru d\u00f6n\u00fc\u015f yolunu de\u011fi\u015ftirdi\u011fine dikkat \u00e7ekti.<\/p>\n<p><iframe loading=\"lazy\" src=\"https:\/\/www.youtube.com\/embed\/IJUEFqsCt8M\" width=\"620\" height=\"347\" frameborder=\"0\" allowfullscreen=\"allowfullscreen\"><\/iframe><\/p>\n","protected":false},"excerpt":{"rendered":"<p>HASEKE \u2013 Haseke k\u0131rsal\u0131 Tel Temr Beldesi k\u0131rsal\u0131ndaki k\u00f6y ahalisi Amerikan i\u015fgal kuvvetlerine ait bir askeri ara\u00e7 konvoyuna kar\u015f\u0131 koyarak Amerikan i\u015fgal kuvvetlerinin Suriye topraklar\u0131 \u00fczerindeki herhangi varl\u0131\u011f\u0131n\u0131 reddetmeleri \u00e7er\u00e7evesinde geldikleri yere d\u00f6nmeye mecbur etti. Yerel kaynaklar SANA muhabirine a\u00e7\u0131klamas\u0131nda, Haseke ili kuzeybat\u0131s\u0131ndaki Tel Temr k\u0131rsal\u0131n\u0131n el De\u015fi\u015fe ve el Kahire K\u00f6y\u00fc halk\u0131n\u0131n bug\u00fcn \u00f6\u011fleden &hellip;<\/p>\n","protected":false},"author":1,"featured_media":0,"comment_status":"closed","ping_status":"closed","sticky":false,"template":"","format":"standard","meta":{"footnotes":""},"categories":[479,575,17988,478],"tags":[],"class_list":["post-209018","post","type-post","status-publish","format-standard","","category-haberler-yerel","category-olaylar-ve-gercekler","category-son-haberler","category-yerel"],"_links":{"self":[{"href":"https:\/\/archive.sana.sy\/tr\/index.php?rest_route=\/wp\/v2\/posts\/209018","targetHints":{"allow":["GET"]}}],"collection":[{"href":"https:\/\/archive.sana.sy\/tr\/index.php?rest_route=\/wp\/v2\/posts"}],"about":[{"href":"https:\/\/archive.sana.sy\/tr\/index.php?rest_route=\/wp\/v2\/types\/post"}],"author":[{"embeddable":true,"href":"https:\/\/archive.sana.sy\/tr\/index.php?rest_route=\/wp\/v2\/users\/1"}],"replies":[{"embeddable":true,"href":"https:\/\/archive.sana.sy\/tr\/index.php?rest_route=%2Fwp%2Fv2%2Fcomments&post=209018"}],"version-history":[{"count":0,"href":"https:\/\/archive.sana.sy\/tr\/index.php?rest_route=\/wp\/v2\/posts\/209018\/revisions"}],"wp:attachment":[{"href":"https:\/\/archive.sana.sy\/tr\/index.php?rest_route=%2Fwp%2Fv2%2Fmedia&parent=209018"}],"wp:term":[{"taxonomy":"category","embeddable":true,"href":"https:\/\/archive.sana.sy\/tr\/index.php?rest_route=%2Fwp%2Fv2%2Fcategories&post=209018"},{"taxonomy":"post_tag","embeddable":true,"href":"https:\/\/archive.sana.sy\/tr\/index.php?rest_route=%2Fwp%2Fv2%2Ftags&post=209018"}],"curies":[{"name":"wp","href":"https:\/\/api.w.org\/{rel}","templated":true}]}}