{"id":209066,"date":"2020-05-13T14:21:07","date_gmt":"2020-05-13T11:21:07","guid":{"rendered":"http:\/\/www.sana.sy\/tr\/?p=209066"},"modified":"2020-05-15T08:05:36","modified_gmt":"2020-05-15T05:05:36","slug":"rusya-ve-cin-suriye-ile-ilgili-gk-kapali-oturumunu-veto-etti-moskova-gorusmelerin-aleni-omasini-istedi","status":"publish","type":"post","link":"https:\/\/archive.sana.sy\/tr\/?p=209066","title":{"rendered":"Rusya Ve \u00c7in Suriye \u0130le \u0130lgili GK Kapal\u0131 Oturumunu Veto Etti, Moskova G\u00f6r\u00fc\u015fmelerin aleni Omas\u0131n\u0131 \u0130stedi"},"content":{"rendered":"<p style=\"text-align: justify;\">B\u0130RLE\u015eM\u0130\u015e M\u0130LLETLER \u2013 Rusya ve \u00c7in d\u00fcn gene bat\u0131n\u0131n Suriye&#8217;de kimyasal silah kullan\u0131ld\u0131\u011f\u0131 iddialar\u0131yla ilgili G\u00fcvenlik Konseyinde video konferans kanal\u0131yla d\u00fczenlenen kapal\u0131 toplant\u0131y\u0131 veto etti.<\/p>\n<p style=\"text-align: justify;\">FP ajans\u0131 Rus b\u00fcy\u00fckel\u00e7i Vasili Nibenzia&#8217;dan naklen, tek iste\u011fimiz g\u00f6r\u00fc\u015fmelerin a\u00e7\u0131k \u00e7er\u00e7eve i\u00e7erisinde olmas\u0131yd\u0131.. Lakin maalesef bat\u0131l\u0131 ortaklar\u0131m\u0131z ve m\u00fcttefikleri, G\u00fcvenlik Konseyinde a\u00e7\u0131l\u0131m ve \u015feffafl\u0131k \u015fiarlar\u0131na ra\u011fmen, toplant\u0131n\u0131n kapal\u0131 oturum olmas\u0131nda \u0131srar ettiler&#8221; dedi.<\/p>\n<p style=\"text-align: justify;\">Nibenzia, bu gibi yakla\u015f\u0131m\u0131n kendileri i\u00e7in Kimyasal Silahlar \u0130ttifak\u0131ndaki taraf \u00fclkelerin yetkilerini k\u00fc\u00e7\u00fcmsedi\u011finden dolay\u0131 makbul alamayaca\u011f\u0131n\u0131 vurgulad\u0131.<\/p>\n<p style=\"text-align: justify;\">Kendi y\u00f6n\u00fcnden kimli\u011finin a\u00e7\u0131klanmas\u0131n\u0131 istemeyen bir diplomat, ekrandaki Rusya ve \u00c7in pencerelerinin toplant\u0131 esnas\u0131nda bo\u015f oldu\u011funu ifade etti.<\/p>\n<p style=\"text-align: justify;\">Ayl\u0131k toplant\u0131da ise GK \u00fcyeleri, Birle\u015fmi\u015f Milletler Silahs\u0131zlanma \u0130\u015fleri Y\u00fcksek Temsilcisi Izumi Nakamitsu ve Kimyasal Silahlar\u0131n Yasaklanmas\u0131 \u00d6rg\u00fct\u00fc Genel M\u00fcd\u00fcr\u00fc Fernando Arias&#8217;\u0131n raporlar\u0131n\u0131 dinlemeleri de kararla\u015ft\u0131r\u0131lm\u0131\u015ft\u0131<\/p>\n","protected":false},"excerpt":{"rendered":"<p>B\u0130RLE\u015eM\u0130\u015e M\u0130LLETLER \u2013 Rusya ve \u00c7in d\u00fcn gene bat\u0131n\u0131n Suriye&#8217;de kimyasal silah kullan\u0131ld\u0131\u011f\u0131 iddialar\u0131yla ilgili G\u00fcvenlik Konseyinde video konferans kanal\u0131yla d\u00fczenlenen kapal\u0131 toplant\u0131y\u0131 veto etti. FP ajans\u0131 Rus b\u00fcy\u00fckel\u00e7i Vasili Nibenzia&#8217;dan naklen, tek iste\u011fimiz g\u00f6r\u00fc\u015fmelerin a\u00e7\u0131k \u00e7er\u00e7eve i\u00e7erisinde olmas\u0131yd\u0131.. Lakin maalesef bat\u0131l\u0131 ortaklar\u0131m\u0131z ve m\u00fcttefikleri, G\u00fcvenlik Konseyinde a\u00e7\u0131l\u0131m ve \u015feffafl\u0131k \u015fiarlar\u0131na ra\u011fmen, toplant\u0131n\u0131n kapal\u0131 oturum &hellip;<\/p>\n","protected":false},"author":1,"featured_media":209067,"comment_status":"closed","ping_status":"closed","sticky":false,"template":"","format":"standard","meta":{"footnotes":""},"categories":[458,459,17988],"tags":[],"class_list":["post-209066","post","type-post","status-publish","format-standard","has-post-thumbnail","","category-dunya1","category-haberler-arap-uluslararasi-politika","category-son-haberler"],"_links":{"self":[{"href":"https:\/\/archive.sana.sy\/tr\/index.php?rest_route=\/wp\/v2\/posts\/209066","targetHints":{"allow":["GET"]}}],"collection":[{"href":"https:\/\/archive.sana.sy\/tr\/index.php?rest_route=\/wp\/v2\/posts"}],"about":[{"href":"https:\/\/archive.sana.sy\/tr\/index.php?rest_route=\/wp\/v2\/types\/post"}],"author":[{"embeddable":true,"href":"https:\/\/archive.sana.sy\/tr\/index.php?rest_route=\/wp\/v2\/users\/1"}],"replies":[{"embeddable":true,"href":"https:\/\/archive.sana.sy\/tr\/index.php?rest_route=%2Fwp%2Fv2%2Fcomments&post=209066"}],"version-history":[{"count":0,"href":"https:\/\/archive.sana.sy\/tr\/index.php?rest_route=\/wp\/v2\/posts\/209066\/revisions"}],"wp:featuredmedia":[{"embeddable":true,"href":"https:\/\/archive.sana.sy\/tr\/index.php?rest_route=\/wp\/v2\/media\/209067"}],"wp:attachment":[{"href":"https:\/\/archive.sana.sy\/tr\/index.php?rest_route=%2Fwp%2Fv2%2Fmedia&parent=209066"}],"wp:term":[{"taxonomy":"category","embeddable":true,"href":"https:\/\/archive.sana.sy\/tr\/index.php?rest_route=%2Fwp%2Fv2%2Fcategories&post=209066"},{"taxonomy":"post_tag","embeddable":true,"href":"https:\/\/archive.sana.sy\/tr\/index.php?rest_route=%2Fwp%2Fv2%2Ftags&post=209066"}],"curies":[{"name":"wp","href":"https:\/\/api.w.org\/{rel}","templated":true}]}}