{"id":209069,"date":"2020-05-13T14:24:15","date_gmt":"2020-05-13T11:24:15","guid":{"rendered":"http:\/\/www.sana.sy\/tr\/?p=209069"},"modified":"2020-05-15T08:05:39","modified_gmt":"2020-05-15T05:05:39","slug":"isgalci-turk-gucleri-alluktan-hasekeye-gelen-su-miktarini-yariya-dusurdu","status":"publish","type":"post","link":"https:\/\/archive.sana.sy\/tr\/?p=209069","title":{"rendered":"\u0130\u015fgalci T\u00fcrk G\u00fc\u00e7leri Alluk&#8217;tan Haseke&#8217;ye Gelen Su Miktar\u0131n\u0131 Yar\u0131ya D\u00fc\u015f\u00fcrd\u00fc"},"content":{"rendered":"<p style=\"text-align: justify;\">HASEKE \u2013 Sivillere y\u00f6nelik su\u00e7 eylemleri \u00e7er\u00e7evesinde, i\u015fgalci T\u00fcrk kuvvetleri ve Rasul Ayn kenti k\u0131rsal\u0131ndaki ter\u00f6rist \u00f6rg\u00fctlerden kiral\u0131klar\u0131, Haseke ve bat\u0131 k\u0131rsal\u0131n\u0131 besleyen Alluk Su Projesinden gelen sular\u0131 yar\u0131ya indirdi.<\/p>\n<p style=\"text-align: justify;\">Haseke ili \u0130\u00e7me Sular\u0131 Genel Kurum M\u00fcd\u00fcr\u00fc M\u00fch. Mahmut el Akleh SANA muhabirine a\u00e7\u0131klamas\u0131nda, i\u015fgalci T\u00fcrk kuvvetlerinin kuyu ve pompalar\u0131 \u00e7al\u0131\u015ft\u0131rmalar\u0131 i\u00e7in su i\u015f\u00e7ilerini istasyona ge\u00e7irmediklerini bunun yerine kendileri \u00e7al\u0131\u015ft\u0131rd\u0131klar\u0131n\u0131 ve gelen su miktar\u0131n\u0131 yar\u0131ya indirdiklerini, bu miktar\u0131n da yeterli olmad\u0131\u011f\u0131n\u0131 ve bunun vatanda\u015flara bu s\u0131cak g\u00fcnlerde \u00e7ok ac\u0131lar \u00e7etirece\u011fini s\u00f6yledi.<\/p>\n<p style=\"text-align: justify;\">El Akleh, i\u015f\u00e7ileri projeye girip teknik hatalar\u0131 giderip Haseke ve k\u0131rsal\u0131nda bulunan bir milyondan fazla insan\u0131n suyunun temin edilmesi i\u00e7in t\u00fcm istasyon ve pompalar\u0131n \u00e7al\u0131\u015ft\u0131r\u0131lmas\u0131 zorunlulu\u011funu dile getirdi.<\/p>\n","protected":false},"excerpt":{"rendered":"<p>HASEKE \u2013 Sivillere y\u00f6nelik su\u00e7 eylemleri \u00e7er\u00e7evesinde, i\u015fgalci T\u00fcrk kuvvetleri ve Rasul Ayn kenti k\u0131rsal\u0131ndaki ter\u00f6rist \u00f6rg\u00fctlerden kiral\u0131klar\u0131, Haseke ve bat\u0131 k\u0131rsal\u0131n\u0131 besleyen Alluk Su Projesinden gelen sular\u0131 yar\u0131ya indirdi. Haseke ili \u0130\u00e7me Sular\u0131 Genel Kurum M\u00fcd\u00fcr\u00fc M\u00fch. Mahmut el Akleh SANA muhabirine a\u00e7\u0131klamas\u0131nda, i\u015fgalci T\u00fcrk kuvvetlerinin kuyu ve pompalar\u0131 \u00e7al\u0131\u015ft\u0131rmalar\u0131 i\u00e7in su i\u015f\u00e7ilerini istasyona &hellip;<\/p>\n","protected":false},"author":1,"featured_media":209070,"comment_status":"closed","ping_status":"closed","sticky":false,"template":"","format":"standard","meta":{"footnotes":""},"categories":[479,575,17988,2554,2555,478],"tags":[],"class_list":["post-209069","post","type-post","status-publish","format-standard","has-post-thumbnail","","category-haberler-yerel","category-olaylar-ve-gercekler","category-son-haberler","category-suriye-ve-dunya","category-suriye-ve-turkiye","category-yerel"],"_links":{"self":[{"href":"https:\/\/archive.sana.sy\/tr\/index.php?rest_route=\/wp\/v2\/posts\/209069","targetHints":{"allow":["GET"]}}],"collection":[{"href":"https:\/\/archive.sana.sy\/tr\/index.php?rest_route=\/wp\/v2\/posts"}],"about":[{"href":"https:\/\/archive.sana.sy\/tr\/index.php?rest_route=\/wp\/v2\/types\/post"}],"author":[{"embeddable":true,"href":"https:\/\/archive.sana.sy\/tr\/index.php?rest_route=\/wp\/v2\/users\/1"}],"replies":[{"embeddable":true,"href":"https:\/\/archive.sana.sy\/tr\/index.php?rest_route=%2Fwp%2Fv2%2Fcomments&post=209069"}],"version-history":[{"count":0,"href":"https:\/\/archive.sana.sy\/tr\/index.php?rest_route=\/wp\/v2\/posts\/209069\/revisions"}],"wp:featuredmedia":[{"embeddable":true,"href":"https:\/\/archive.sana.sy\/tr\/index.php?rest_route=\/wp\/v2\/media\/209070"}],"wp:attachment":[{"href":"https:\/\/archive.sana.sy\/tr\/index.php?rest_route=%2Fwp%2Fv2%2Fmedia&parent=209069"}],"wp:term":[{"taxonomy":"category","embeddable":true,"href":"https:\/\/archive.sana.sy\/tr\/index.php?rest_route=%2Fwp%2Fv2%2Fcategories&post=209069"},{"taxonomy":"post_tag","embeddable":true,"href":"https:\/\/archive.sana.sy\/tr\/index.php?rest_route=%2Fwp%2Fv2%2Ftags&post=209069"}],"curies":[{"name":"wp","href":"https:\/\/api.w.org\/{rel}","templated":true}]}}