{"id":209074,"date":"2020-05-13T16:53:11","date_gmt":"2020-05-13T13:53:11","guid":{"rendered":"http:\/\/www.sana.sy\/tr\/?p=209074"},"modified":"2020-05-15T08:05:41","modified_gmt":"2020-05-15T05:05:41","slug":"cumhurbaskani-esad-ithal-hammadelerini-gumruk-vergisinden-muaf-tutan-khk-yayimladi","status":"publish","type":"post","link":"https:\/\/archive.sana.sy\/tr\/?p=209074","title":{"rendered":"Cumhurba\u015fkan\u0131 Esad \u0130thal Hammadelerini G\u00fcmr\u00fck Vergisinden Muaf Tutan KHK Yay\u0131mlad\u0131"},"content":{"rendered":"<p style=\"text-align: justify;\">\u015eAM \u2013 Cumhurba\u015fkan\u0131 Be\u015f\u015far Esad bug\u00fcn, %1 g\u00fcmr\u00fck vergisine tabi tutulan yerel sanayi girdisi olarak ithal edilen hammaddelerin g\u00fcmr\u00fck tarifesi \u00e7izelgesinde belirlenen g\u00fcmr\u00fck vergisi ve ithalata uygulanan t\u00fcm vergi ve har\u00e7lardan muaf tutan 2020 y\u0131l\u0131 10 say\u0131l\u0131 Kanun H\u00fckm\u00fcnde Kararname&#8217;yi yay\u0131mlad\u0131.<\/p>\n","protected":false},"excerpt":{"rendered":"<p>\u015eAM \u2013 Cumhurba\u015fkan\u0131 Be\u015f\u015far Esad bug\u00fcn, %1 g\u00fcmr\u00fck vergisine tabi tutulan yerel sanayi girdisi olarak ithal edilen hammaddelerin g\u00fcmr\u00fck tarifesi \u00e7izelgesinde belirlenen g\u00fcmr\u00fck vergisi ve ithalata uygulanan t\u00fcm vergi ve har\u00e7lardan muaf tutan 2020 y\u0131l\u0131 10 say\u0131l\u0131 Kanun H\u00fckm\u00fcnde Kararname&#8217;yi yay\u0131mlad\u0131.<\/p>\n","protected":false},"author":1,"featured_media":209075,"comment_status":"closed","ping_status":"closed","sticky":false,"template":"","format":"standard","meta":{"footnotes":""},"categories":[17988,599],"tags":[],"class_list":["post-209074","post","type-post","status-publish","format-standard","has-post-thumbnail","","category-son-haberler","category-yasama-ve-kanunlar"],"_links":{"self":[{"href":"https:\/\/archive.sana.sy\/tr\/index.php?rest_route=\/wp\/v2\/posts\/209074","targetHints":{"allow":["GET"]}}],"collection":[{"href":"https:\/\/archive.sana.sy\/tr\/index.php?rest_route=\/wp\/v2\/posts"}],"about":[{"href":"https:\/\/archive.sana.sy\/tr\/index.php?rest_route=\/wp\/v2\/types\/post"}],"author":[{"embeddable":true,"href":"https:\/\/archive.sana.sy\/tr\/index.php?rest_route=\/wp\/v2\/users\/1"}],"replies":[{"embeddable":true,"href":"https:\/\/archive.sana.sy\/tr\/index.php?rest_route=%2Fwp%2Fv2%2Fcomments&post=209074"}],"version-history":[{"count":0,"href":"https:\/\/archive.sana.sy\/tr\/index.php?rest_route=\/wp\/v2\/posts\/209074\/revisions"}],"wp:featuredmedia":[{"embeddable":true,"href":"https:\/\/archive.sana.sy\/tr\/index.php?rest_route=\/wp\/v2\/media\/209075"}],"wp:attachment":[{"href":"https:\/\/archive.sana.sy\/tr\/index.php?rest_route=%2Fwp%2Fv2%2Fmedia&parent=209074"}],"wp:term":[{"taxonomy":"category","embeddable":true,"href":"https:\/\/archive.sana.sy\/tr\/index.php?rest_route=%2Fwp%2Fv2%2Fcategories&post=209074"},{"taxonomy":"post_tag","embeddable":true,"href":"https:\/\/archive.sana.sy\/tr\/index.php?rest_route=%2Fwp%2Fv2%2Ftags&post=209074"}],"curies":[{"name":"wp","href":"https:\/\/api.w.org\/{rel}","templated":true}]}}