{"id":209077,"date":"2020-05-13T17:21:22","date_gmt":"2020-05-13T14:21:22","guid":{"rendered":"http:\/\/www.sana.sy\/tr\/?p=209077"},"modified":"2020-05-15T08:05:44","modified_gmt":"2020-05-15T05:05:44","slug":"disislerinden-yurt-disinda-kalanlarin-geri-getirilmesi-surecinde-yer-alan-gruplara-iliskin-talimatlar","status":"publish","type":"post","link":"https:\/\/archive.sana.sy\/tr\/?p=209077","title":{"rendered":"D\u0131\u015fi\u015flerinden Yurt D\u0131\u015f\u0131nda Kalanlar\u0131n Geri Getirilmesi S\u00fcrecinde Yer Alan Gruplara \u0130li\u015fkin Talimatlar"},"content":{"rendered":"<p style=\"text-align: justify;\">\u015eAM \u2013 D\u0131\u015fi\u015fleri ve Gurbet\u00e7iler Bakanl\u0131\u011f\u0131 bug\u00fcn, d\u00fcnyan\u0131n bir\u00e7ok \u00fclkesi taraf\u0131ndan, \u00f6zellikle s\u0131n\u0131rlar\u0131n kapat\u0131lmas\u0131 ve seyahat ve hava trafi\u011finin s\u0131n\u0131rland\u0131r\u0131lmas\u0131 ile ilgili olanlar olmak \u00fczere, korona vir\u00fcs\u00fcn\u00fcn yay\u0131lmas\u0131n\u0131 engellemek i\u00e7in al\u0131nan \u00f6nlemlerden dolay\u0131 yurtd\u0131\u015f\u0131nda mahsur kalan Suriyeli vatanda\u015flar\u0131n getirilmesine ili\u015fkin talimatlar yay\u0131nlad\u0131.<\/p>\n<p style=\"text-align: justify;\">Bakanl\u0131k beyan\u0131na g\u00f6re.. Suriyeli vatanda\u015flar\u0131 yurt d\u0131\u015f\u0131ndan geri getirme s\u00fcrecinin, Suriye&#8217;yi 1-1-2020 tarihinden 1-5-2020 tarihleri aras\u0131nda terkeden ve d\u0131\u015far\u0131da mahsur kalan Suriyeli vatanda\u015flar, bulunduklar\u0131 \u00fclkelerde e\u011fitim kurumlar\u0131ndaki e\u011fitimin ask\u0131ya al\u0131nmas\u0131yla \u00fclkeye d\u00f6n\u00fc\u015f yapmak iseteyen \u00f6\u011frenciler ve keza \u00fclkeler aras\u0131nda s\u0131n\u0131rlar\u0131n kapat\u0131lmas\u0131yla d\u00f6n\u00fc\u015f yapamayan resmi g\u00f6revle yurt d\u0131\u015f\u0131na g\u00f6nderilmi\u015f g\u00f6revli ve memurlar\u0131 kapsamas\u0131na onay verildi\u011fi belirtildi.<\/p>\n<p style=\"text-align: justify;\">Bakanl\u0131k, Suriye&#8217;ye d\u00f6n\u00fc\u015f yapmak isteyenlerin 17-5\/22-5-2020 tarihine kadar bir hafta i\u00e7erisinde yukar\u0131da zikredilen gruplar\u0131n taleplerinin kabul edilip tescil edildi\u011fini a\u00e7\u0131klad\u0131.<\/p>\n<p style=\"text-align: justify;\">Talimatlar gere\u011fi, geri d\u00f6n\u00fc\u015f s\u00fcreci sadece Suriyelileri kapsar, sadece Suriyeli vatanda\u015flar\u0131n e\u015fleri ve Suriyeli vatanda\u015flar\u0131n 18 ya\u015f alt\u0131 \u00e7ocuklar\u0131 hari\u00e7, di\u011fer uyruklular\u0131n talepleri kabul edilemez. Ayr\u0131ca, yurda d\u00f6n\u00fc\u015f yapanlar\u0131n karantinalar\u0131, h\u00fckumet nafakas\u0131na ba\u011fl\u0131 olarak ilgili cihetlerce t\u00fcm illerde belirlenen merkezlerde olacakt\u0131r.<\/p>\n","protected":false},"excerpt":{"rendered":"<p>\u015eAM \u2013 D\u0131\u015fi\u015fleri ve Gurbet\u00e7iler Bakanl\u0131\u011f\u0131 bug\u00fcn, d\u00fcnyan\u0131n bir\u00e7ok \u00fclkesi taraf\u0131ndan, \u00f6zellikle s\u0131n\u0131rlar\u0131n kapat\u0131lmas\u0131 ve seyahat ve hava trafi\u011finin s\u0131n\u0131rland\u0131r\u0131lmas\u0131 ile ilgili olanlar olmak \u00fczere, korona vir\u00fcs\u00fcn\u00fcn yay\u0131lmas\u0131n\u0131 engellemek i\u00e7in al\u0131nan \u00f6nlemlerden dolay\u0131 yurtd\u0131\u015f\u0131nda mahsur kalan Suriyeli vatanda\u015flar\u0131n getirilmesine ili\u015fkin talimatlar yay\u0131nlad\u0131. Bakanl\u0131k beyan\u0131na g\u00f6re.. Suriyeli vatanda\u015flar\u0131 yurt d\u0131\u015f\u0131ndan geri getirme s\u00fcrecinin, Suriye&#8217;yi 1-1-2020 tarihinden &hellip;<\/p>\n","protected":false},"author":1,"featured_media":209078,"comment_status":"closed","ping_status":"closed","sticky":false,"template":"","format":"standard","meta":{"footnotes":""},"categories":[479,17988,478],"tags":[],"class_list":["post-209077","post","type-post","status-publish","format-standard","has-post-thumbnail","","category-haberler-yerel","category-son-haberler","category-yerel"],"_links":{"self":[{"href":"https:\/\/archive.sana.sy\/tr\/index.php?rest_route=\/wp\/v2\/posts\/209077","targetHints":{"allow":["GET"]}}],"collection":[{"href":"https:\/\/archive.sana.sy\/tr\/index.php?rest_route=\/wp\/v2\/posts"}],"about":[{"href":"https:\/\/archive.sana.sy\/tr\/index.php?rest_route=\/wp\/v2\/types\/post"}],"author":[{"embeddable":true,"href":"https:\/\/archive.sana.sy\/tr\/index.php?rest_route=\/wp\/v2\/users\/1"}],"replies":[{"embeddable":true,"href":"https:\/\/archive.sana.sy\/tr\/index.php?rest_route=%2Fwp%2Fv2%2Fcomments&post=209077"}],"version-history":[{"count":0,"href":"https:\/\/archive.sana.sy\/tr\/index.php?rest_route=\/wp\/v2\/posts\/209077\/revisions"}],"wp:featuredmedia":[{"embeddable":true,"href":"https:\/\/archive.sana.sy\/tr\/index.php?rest_route=\/wp\/v2\/media\/209078"}],"wp:attachment":[{"href":"https:\/\/archive.sana.sy\/tr\/index.php?rest_route=%2Fwp%2Fv2%2Fmedia&parent=209077"}],"wp:term":[{"taxonomy":"category","embeddable":true,"href":"https:\/\/archive.sana.sy\/tr\/index.php?rest_route=%2Fwp%2Fv2%2Fcategories&post=209077"},{"taxonomy":"post_tag","embeddable":true,"href":"https:\/\/archive.sana.sy\/tr\/index.php?rest_route=%2Fwp%2Fv2%2Ftags&post=209077"}],"curies":[{"name":"wp","href":"https:\/\/api.w.org\/{rel}","templated":true}]}}