{"id":209085,"date":"2020-05-13T21:30:38","date_gmt":"2020-05-13T18:30:38","guid":{"rendered":"http:\/\/www.sana.sy\/tr\/?p=209085"},"modified":"2020-05-15T08:05:49","modified_gmt":"2020-05-15T05:05:49","slug":"nasrullah-suriyenin-yuruttugu-siyasi-muharebe-terore-karsi-askeri-muharebesinden-daha-az-degildir","status":"publish","type":"post","link":"https:\/\/archive.sana.sy\/tr\/?p=209085","title":{"rendered":"Nasrullah: Suriye&#8217;nin Y\u00fcr\u00fctt\u00fc\u011f\u00fc Siyasi Muharebe Ter\u00f6re Kar\u015f\u0131 Askeri Muharebesinden Daha Az De\u011fildir"},"content":{"rendered":"<p style=\"text-align: justify;\">BEYRUT \u2013 Hizbullah genel sekreteri seyyid Hasan Nasrullah, Suriye&#8217;nin y\u00fcr\u00fctt\u00fc\u011f\u00fc siyasi muharebenin ter\u00f6rizm ve \u00e7al\u0131\u015ft\u0131r\u0131c\u0131lar\u0131na kar\u015f\u0131 y\u00fcr\u00fctt\u00fc\u011f\u00fc askeri muharebesinden az kal\u0131r yan\u0131n\u0131n olmad\u0131\u011f\u0131n\u0131 belirterek, t\u00fcm mittefiklerin Suriye&#8217;den vazge\u00e7ti\u011fine dair t\u00fcm s\u00f6zlerin r\u00fcyadan ba\u015fka bir \u015fe olma\u0131d\u011f\u0131n\u0131 ve do\u011fru olmad\u0131\u011f\u0131n\u0131 vurgulad\u0131.<\/p>\n<p style=\"text-align: justify;\">2011 y\u0131l\u0131nda \u015fehit d\u00fc\u015fen komutan Mustafa Bedreddin&#8217;in \u015fehit edili\u015fi y\u0131ld\u00f6n\u00fcm\u00fcnde yapt\u0131\u011f\u0131 konu\u015fmada Nasrullah, Suriye&#8217;nin hedef al\u0131nmas\u0131 i\u00e7in komplocu Amerikan, \u0130srail, Suudi plan\u0131n\u0131n d\u00fc\u015fman \u0130srail ile \u00e7at\u0131\u015fma ve Filistin davas\u0131ndaki mevkilerine nazaran ba\u015flad\u0131\u011f\u0131n\u0131, temel hedefin ise onun zay\u0131flat\u0131lmas\u0131 ile Filistin ve i\u015fgal edilen Suriyeli Golan&#8217;da vazge\u00e7meye itmek oldu\u011funu a\u00e7\u0131klad\u0131.<\/p>\n<p style=\"text-align: justify;\">Nasrullah, b\u00f6lgedeki hegemonyac\u0131\u00a0 Amerikan sisteminin b\u00f6lge \u00fclkeleriyle i\u015fgalci \u0130srail varl\u0131\u011f\u0131 aras\u0131ndaki ili\u015fkileri normalle\u015ftirmeyi hedefledi\u011fini,, aralar\u0131nda Suriye ve \u0130ran&#8217;\u0131n bulundu\u011fu baz\u0131 \u00fclkelerin buna karl\u015f\u0131 \u00e7\u0131kt\u0131klar\u0131n\u0131 belirterek, bu sistemin Suriye&#8217;yi b\u00f6lgeyi hedef alan planlara kar\u015f\u0131 koymada temel eksen olmas\u0131 sebebiyle zay\u0131flatmak istedi\u011fini, ayr\u0131ca Suriye&#8217;nin b\u00fct\u00fcn bask\u0131lara boyun e\u011fmeyi reddetmesinden dolay\u0131 bu istikbar ile d\u00fcnya ve b\u00f6lgedeki edatlar\u0131 ve ter\u00f6ristlerinin kendisine geldi\u011fini ifade etti.<\/p>\n<p style=\"text-align: justify;\">Nasrullah, Suriye&#8217;nin b\u00fcy\u00fck paralar, silahlar ve onbinlerce ter\u00f6ristin u\u011fruna askerile\u015ftirildi\u011fi komplocu b\u00f6lme planlar\u0131n\u0131 ba\u015far\u0131s\u0131zl\u0131\u011fa u\u011fratt\u0131\u011f\u0131n\u0131, y\u00f6netimi, ordusu, halk\u0131 ve m\u00fcttefiklerinin sebat\u0131 sayesinde kendisine kar\u015f\u0131 d\u00fczenlenen sava\u015fta zafere eri\u015fti\u011fini vurgulayarak, d\u00fc\u015fmanlar\u0131n\u0131n askeri y\u00f6nden Suriye&#8217;de sa\u011flamay\u0131 ba\u015faramad\u0131klar\u0131n\u0131 siyasi ve siyasi muharebe yoluyla sa\u011flama giri\u015fimlerinin askeri \u00e7at\u0131\u015fmadan az kal\u0131r yan\u0131n\u0131n olmad\u0131\u011f\u0131n\u0131 ifade etti.<\/p>\n<p style=\"text-align: justify;\">Suriye&#8217;nin kar\u015f\u0131 kar\u015f\u0131ya oldu\u011fu psikolojik sava\u015f ve ablukaya ra\u011fmen siyasi \u00e7at\u0131\u015fmas\u0131nda ba\u015far\u0131l\u0131 oldu\u011funu belirten Nasrullah, Suriye, \u0130ran, Venez\u00fcella, Gazze ve Yemen&#8217;i abluka alt\u0131na alan\u0131n korona vir\u00fcs\u00fcn\u00fcn sonu\u00e7lar\u0131ndan \u015fikayet edenin ta kendisi oldu\u011funu, bahsin de korona krizinin sonu\u00e7lar\u0131na kar\u015f\u0131 y\u00f6netim ve halk olarak Suriye&#8217;nin direni\u015fine kar\u015f\u0131 oldu\u011funu belirterek, direni\u015f ekseninin Suriye&#8217;nin yan\u0131nda durmas\u0131 hedefinin istiklali ve egeneli\u011fini korumak, kararlar\u0131n\u0131 desteklemek ve Amerikan-\u0130srail hegemonyac\u0131 planlar\u0131na kar\u015f\u0131 sebat\u0131 oldu\u011funu vurgulad\u0131.<\/p>\n<p style=\"text-align: justify;\">L\u00fcbnan konusunda ise Nasrullah, \u00fclkedeki ekonomik\u00a0 krizin \u00e7\u00f6z\u00fcm\u00fcn\u00fcn Suriye ile ili\u015fkilerini peki\u015ftirmek oldu\u011funu, L\u00fcbnanl\u0131 \u00fcr\u00fcnlerin Arap pazarlar\u0131na ge\u00e7i\u015f yolunun Suriye&#8217;den ge\u00e7ti\u011fine, L\u00fcbnan&#8217;daki ekonomik durumu tedavi etmek isteyenlerin Suriye ile ili\u015fkileri yeniden g\u00f6zden ge\u00e7irmeye ve d\u00fczenlemeye ihtiyac\u0131 oldu\u011funu ifade etti.<\/p>\n","protected":false},"excerpt":{"rendered":"<p>BEYRUT \u2013 Hizbullah genel sekreteri seyyid Hasan Nasrullah, Suriye&#8217;nin y\u00fcr\u00fctt\u00fc\u011f\u00fc siyasi muharebenin ter\u00f6rizm ve \u00e7al\u0131\u015ft\u0131r\u0131c\u0131lar\u0131na kar\u015f\u0131 y\u00fcr\u00fctt\u00fc\u011f\u00fc askeri muharebesinden az kal\u0131r yan\u0131n\u0131n olmad\u0131\u011f\u0131n\u0131 belirterek, t\u00fcm mittefiklerin Suriye&#8217;den vazge\u00e7ti\u011fine dair t\u00fcm s\u00f6zlerin r\u00fcyadan ba\u015fka bir \u015fe olma\u0131d\u011f\u0131n\u0131 ve do\u011fru olmad\u0131\u011f\u0131n\u0131 vurgulad\u0131. 2011 y\u0131l\u0131nda \u015fehit d\u00fc\u015fen komutan Mustafa Bedreddin&#8217;in \u015fehit edili\u015fi y\u0131ld\u00f6n\u00fcm\u00fcnde yapt\u0131\u011f\u0131 konu\u015fmada Nasrullah, Suriye&#8217;nin hedef &hellip;<\/p>\n","protected":false},"author":1,"featured_media":0,"comment_status":"closed","ping_status":"closed","sticky":false,"template":"","format":"standard","meta":{"footnotes":""},"categories":[458,459,17988],"tags":[],"class_list":["post-209085","post","type-post","status-publish","format-standard","","category-dunya1","category-haberler-arap-uluslararasi-politika","category-son-haberler"],"_links":{"self":[{"href":"https:\/\/archive.sana.sy\/tr\/index.php?rest_route=\/wp\/v2\/posts\/209085","targetHints":{"allow":["GET"]}}],"collection":[{"href":"https:\/\/archive.sana.sy\/tr\/index.php?rest_route=\/wp\/v2\/posts"}],"about":[{"href":"https:\/\/archive.sana.sy\/tr\/index.php?rest_route=\/wp\/v2\/types\/post"}],"author":[{"embeddable":true,"href":"https:\/\/archive.sana.sy\/tr\/index.php?rest_route=\/wp\/v2\/users\/1"}],"replies":[{"embeddable":true,"href":"https:\/\/archive.sana.sy\/tr\/index.php?rest_route=%2Fwp%2Fv2%2Fcomments&post=209085"}],"version-history":[{"count":0,"href":"https:\/\/archive.sana.sy\/tr\/index.php?rest_route=\/wp\/v2\/posts\/209085\/revisions"}],"wp:attachment":[{"href":"https:\/\/archive.sana.sy\/tr\/index.php?rest_route=%2Fwp%2Fv2%2Fmedia&parent=209085"}],"wp:term":[{"taxonomy":"category","embeddable":true,"href":"https:\/\/archive.sana.sy\/tr\/index.php?rest_route=%2Fwp%2Fv2%2Fcategories&post=209085"},{"taxonomy":"post_tag","embeddable":true,"href":"https:\/\/archive.sana.sy\/tr\/index.php?rest_route=%2Fwp%2Fv2%2Ftags&post=209085"}],"curies":[{"name":"wp","href":"https:\/\/api.w.org\/{rel}","templated":true}]}}