{"id":209090,"date":"2020-05-13T21:45:44","date_gmt":"2020-05-13T18:45:44","guid":{"rendered":"http:\/\/www.sana.sy\/tr\/?p=209090"},"modified":"2020-05-15T08:05:52","modified_gmt":"2020-05-15T05:05:52","slug":"iraktan-gelen-ve-yurt-disinda-mahsur-kalan-249-suriyeliyi-tasiyan-ucak-sama-vardi","status":"publish","type":"post","link":"https:\/\/archive.sana.sy\/tr\/?p=209090","title":{"rendered":"Irak&#8217;tan Gelen ve Yurt D\u0131\u015f\u0131nda Mahsur Kalan 249 Suriyeliyi Ta\u015f\u0131yan U\u00e7ak \u015eam&#8217;a Vard\u0131 (V\u0130DEO)"},"content":{"rendered":"<p style=\"text-align: justify;\">\u015eAM &#8211; Korona vir\u00fcs\u00fcne kar\u015f\u0131 koyma icraatlar\u0131yla ilgili h\u00fckuemt ekibinin kararlar\u0131n\u0131 uygulama \u00e7ar\u00e7evesinde bug\u00fcn Uluslararas\u0131 Irak Havaliman\u0131ndan Suriye Hava Yollar\u0131na ait bir u\u00e7ak bug\u00fcn 249 yolcu ile birlikte Uluslararas\u0131 \u015eam Havaalan\u0131na vard\u0131.<\/p>\n<p style=\"text-align: justify;\">Uluslararas\u0131 \u015eam Havaliman\u0131ndan SANA muhabiri, Gelen yolcular\u0131n havaalan\u0131na var\u0131\u015flar\u0131yla birlikte, her birinin ate\u015finin \u00f6l\u00e7\u00fcm\u00fc ve beyanatlar\u0131n\u0131n tescil edilmesi ard\u0131ndan, \u00f6zel otob\u00fcslerle karantina merkezine 14 g\u00fcn ikamet etmek \u00fczere nakledildiklerine i\u015faret etti.<\/p>\n<p><iframe loading=\"lazy\" src=\"https:\/\/www.youtube.com\/embed\/iGlDX6LQY70\" width=\"620\" height=\"347\" frameborder=\"0\" allowfullscreen=\"allowfullscreen\"><\/iframe><\/p>\n","protected":false},"excerpt":{"rendered":"<p>\u015eAM &#8211; Korona vir\u00fcs\u00fcne kar\u015f\u0131 koyma icraatlar\u0131yla ilgili h\u00fckuemt ekibinin kararlar\u0131n\u0131 uygulama \u00e7ar\u00e7evesinde bug\u00fcn Uluslararas\u0131 Irak Havaliman\u0131ndan Suriye Hava Yollar\u0131na ait bir u\u00e7ak bug\u00fcn 249 yolcu ile birlikte Uluslararas\u0131 \u015eam Havaalan\u0131na vard\u0131. Uluslararas\u0131 \u015eam Havaliman\u0131ndan SANA muhabiri, Gelen yolcular\u0131n havaalan\u0131na var\u0131\u015flar\u0131yla birlikte, her birinin ate\u015finin \u00f6l\u00e7\u00fcm\u00fc ve beyanatlar\u0131n\u0131n tescil edilmesi ard\u0131ndan, \u00f6zel otob\u00fcslerle karantina merkezine &hellip;<\/p>\n","protected":false},"author":1,"featured_media":209091,"comment_status":"closed","ping_status":"closed","sticky":false,"template":"","format":"standard","meta":{"footnotes":""},"categories":[526,479,17988,525,478],"tags":[],"class_list":["post-209090","post","type-post","status-publish","format-standard","has-post-thumbnail","","category-haber-ve-raporlar","category-haberler-yerel","category-son-haberler","category-toplum","category-yerel"],"_links":{"self":[{"href":"https:\/\/archive.sana.sy\/tr\/index.php?rest_route=\/wp\/v2\/posts\/209090","targetHints":{"allow":["GET"]}}],"collection":[{"href":"https:\/\/archive.sana.sy\/tr\/index.php?rest_route=\/wp\/v2\/posts"}],"about":[{"href":"https:\/\/archive.sana.sy\/tr\/index.php?rest_route=\/wp\/v2\/types\/post"}],"author":[{"embeddable":true,"href":"https:\/\/archive.sana.sy\/tr\/index.php?rest_route=\/wp\/v2\/users\/1"}],"replies":[{"embeddable":true,"href":"https:\/\/archive.sana.sy\/tr\/index.php?rest_route=%2Fwp%2Fv2%2Fcomments&post=209090"}],"version-history":[{"count":0,"href":"https:\/\/archive.sana.sy\/tr\/index.php?rest_route=\/wp\/v2\/posts\/209090\/revisions"}],"wp:featuredmedia":[{"embeddable":true,"href":"https:\/\/archive.sana.sy\/tr\/index.php?rest_route=\/wp\/v2\/media\/209091"}],"wp:attachment":[{"href":"https:\/\/archive.sana.sy\/tr\/index.php?rest_route=%2Fwp%2Fv2%2Fmedia&parent=209090"}],"wp:term":[{"taxonomy":"category","embeddable":true,"href":"https:\/\/archive.sana.sy\/tr\/index.php?rest_route=%2Fwp%2Fv2%2Fcategories&post=209090"},{"taxonomy":"post_tag","embeddable":true,"href":"https:\/\/archive.sana.sy\/tr\/index.php?rest_route=%2Fwp%2Fv2%2Ftags&post=209090"}],"curies":[{"name":"wp","href":"https:\/\/api.w.org\/{rel}","templated":true}]}}