{"id":209106,"date":"2020-05-14T09:02:22","date_gmt":"2020-05-14T06:02:22","guid":{"rendered":"http:\/\/www.sana.sy\/tr\/?p=209106"},"modified":"2020-05-14T09:02:22","modified_gmt":"2020-05-14T06:02:22","slug":"uluslararasi-irak-havaalanindan-gelen-ve-yurt-disinda-mahsur-kalan-249-suriyeliyi-tasiyan-ucak-uluslararasi-sam-havaalanina-vardi","status":"publish","type":"post","link":"https:\/\/archive.sana.sy\/tr\/?p=209106","title":{"rendered":"Uluslararas\u0131 Irak Havaalan\u0131ndan Gelen ve Yurt D\u0131\u015f\u0131nda Mahsur Kalan 249 Suriyeliyi Ta\u015f\u0131yan U\u00e7ak Uluslararas\u0131 \u015eam Havaalan\u0131na Vard\u0131\u00a0"},"content":{"rendered":"<p>Uluslararas\u0131 Irak Havaalan\u0131ndan Gelen ve Yurt D\u0131\u015f\u0131nda Mahsur Kalan 249 Suriyeliyi Ta\u015f\u0131yan U\u00e7ak Uluslararas\u0131 \u015eam Havaalan\u0131na Vard\u0131<\/p>\n<p><iframe loading=\"lazy\" src=\"https:\/\/www.youtube.com\/embed\/iGlDX6LQY70\" width=\"620\" height=\"347\" frameborder=\"0\" allowfullscreen=\"allowfullscreen\"><\/iframe><\/p>\n","protected":false},"excerpt":{"rendered":"<p>Uluslararas\u0131 Irak Havaalan\u0131ndan Gelen ve Yurt D\u0131\u015f\u0131nda Mahsur Kalan 249 Suriyeliyi Ta\u015f\u0131yan U\u00e7ak Uluslararas\u0131 \u015eam Havaalan\u0131na Vard\u0131<\/p>\n","protected":false},"author":36,"featured_media":209107,"comment_status":"closed","ping_status":"closed","sticky":false,"template":"","format":"standard","meta":{"footnotes":""},"categories":[18295],"tags":[],"class_list":["post-209106","post","type-post","status-publish","format-standard","has-post-thumbnail","","category-sana-video"],"_links":{"self":[{"href":"https:\/\/archive.sana.sy\/tr\/index.php?rest_route=\/wp\/v2\/posts\/209106","targetHints":{"allow":["GET"]}}],"collection":[{"href":"https:\/\/archive.sana.sy\/tr\/index.php?rest_route=\/wp\/v2\/posts"}],"about":[{"href":"https:\/\/archive.sana.sy\/tr\/index.php?rest_route=\/wp\/v2\/types\/post"}],"author":[{"embeddable":true,"href":"https:\/\/archive.sana.sy\/tr\/index.php?rest_route=\/wp\/v2\/users\/36"}],"replies":[{"embeddable":true,"href":"https:\/\/archive.sana.sy\/tr\/index.php?rest_route=%2Fwp%2Fv2%2Fcomments&post=209106"}],"version-history":[{"count":0,"href":"https:\/\/archive.sana.sy\/tr\/index.php?rest_route=\/wp\/v2\/posts\/209106\/revisions"}],"wp:featuredmedia":[{"embeddable":true,"href":"https:\/\/archive.sana.sy\/tr\/index.php?rest_route=\/wp\/v2\/media\/209107"}],"wp:attachment":[{"href":"https:\/\/archive.sana.sy\/tr\/index.php?rest_route=%2Fwp%2Fv2%2Fmedia&parent=209106"}],"wp:term":[{"taxonomy":"category","embeddable":true,"href":"https:\/\/archive.sana.sy\/tr\/index.php?rest_route=%2Fwp%2Fv2%2Fcategories&post=209106"},{"taxonomy":"post_tag","embeddable":true,"href":"https:\/\/archive.sana.sy\/tr\/index.php?rest_route=%2Fwp%2Fv2%2Ftags&post=209106"}],"curies":[{"name":"wp","href":"https:\/\/api.w.org\/{rel}","templated":true}]}}