{"id":209110,"date":"2020-05-14T12:00:47","date_gmt":"2020-05-14T09:00:47","guid":{"rendered":"http:\/\/www.sana.sy\/tr\/?p=209110"},"modified":"2020-05-15T08:06:58","modified_gmt":"2020-05-15T05:06:58","slug":"hasim-lubnan-ve-suriye-arasinda-koordinasyon-cagrisinda-bulundu","status":"publish","type":"post","link":"https:\/\/archive.sana.sy\/tr\/?p=209110","title":{"rendered":"Ha\u015fim, L\u00fcbnan Ve Suriye Aras\u0131nda Koordinasyon \u00c7a\u011fr\u0131s\u0131nda Bulundu"},"content":{"rendered":"<p>BEYRUT \u2013 L\u00fcbnan Parlamentsunda Kalk\u0131nma ve Kurtulu\u015f Bloku Milletvekili Kas\u0131m Ha\u015fim, iki karde\u015f \u00fclke aras\u0131ndaki ortak \u00e7\u0131karlar\u0131 hizmet etmek \u00fczere Suriye ve L\u00fcbnan aras\u0131nda koordinasyon ve ileti\u015fim \u00e7a\u011fr\u0131s\u0131n\u0131 yineledi.<\/p>\n<p>Bug\u00fcn yapt\u0131\u011f\u0131 a\u00e7\u0131klamada Ha\u015fim, \u201ciki karde\u015f \u00fclke ve halk\u0131n \u00e7\u0131karlar\u0131na hizmet eden ve y\u00fcklerini hafifleten uzla\u015fmalara varmak i\u00e7in Suriye h\u00fck\u00fcmetiyle diyalog, ileti\u015fim ve koordinasyon kap\u0131lar\u0131n\u0131 a\u00e7mak i\u00e7in sorumlu karar\u0131n al\u0131nmas\u0131 gerekti\u011fini\u201d belirtti.<\/p>\n<p>\u00c7eviri: MY SS<\/p>\n","protected":false},"excerpt":{"rendered":"<p>BEYRUT \u2013 L\u00fcbnan Parlamentsunda Kalk\u0131nma ve Kurtulu\u015f Bloku Milletvekili Kas\u0131m Ha\u015fim, iki karde\u015f \u00fclke aras\u0131ndaki ortak \u00e7\u0131karlar\u0131 hizmet etmek \u00fczere Suriye ve L\u00fcbnan aras\u0131nda koordinasyon ve ileti\u015fim \u00e7a\u011fr\u0131s\u0131n\u0131 yineledi. Bug\u00fcn yapt\u0131\u011f\u0131 a\u00e7\u0131klamada Ha\u015fim, \u201ciki karde\u015f \u00fclke ve halk\u0131n \u00e7\u0131karlar\u0131na hizmet eden ve y\u00fcklerini hafifleten uzla\u015fmalara varmak i\u00e7in Suriye h\u00fck\u00fcmetiyle diyalog, ileti\u015fim ve koordinasyon kap\u0131lar\u0131n\u0131 a\u00e7mak &hellip;<\/p>\n","protected":false},"author":36,"featured_media":209111,"comment_status":"closed","ping_status":"closed","sticky":false,"template":"","format":"standard","meta":{"footnotes":""},"categories":[458,459,17988],"tags":[],"class_list":["post-209110","post","type-post","status-publish","format-standard","has-post-thumbnail","","category-dunya1","category-haberler-arap-uluslararasi-politika","category-son-haberler"],"_links":{"self":[{"href":"https:\/\/archive.sana.sy\/tr\/index.php?rest_route=\/wp\/v2\/posts\/209110","targetHints":{"allow":["GET"]}}],"collection":[{"href":"https:\/\/archive.sana.sy\/tr\/index.php?rest_route=\/wp\/v2\/posts"}],"about":[{"href":"https:\/\/archive.sana.sy\/tr\/index.php?rest_route=\/wp\/v2\/types\/post"}],"author":[{"embeddable":true,"href":"https:\/\/archive.sana.sy\/tr\/index.php?rest_route=\/wp\/v2\/users\/36"}],"replies":[{"embeddable":true,"href":"https:\/\/archive.sana.sy\/tr\/index.php?rest_route=%2Fwp%2Fv2%2Fcomments&post=209110"}],"version-history":[{"count":0,"href":"https:\/\/archive.sana.sy\/tr\/index.php?rest_route=\/wp\/v2\/posts\/209110\/revisions"}],"wp:featuredmedia":[{"embeddable":true,"href":"https:\/\/archive.sana.sy\/tr\/index.php?rest_route=\/wp\/v2\/media\/209111"}],"wp:attachment":[{"href":"https:\/\/archive.sana.sy\/tr\/index.php?rest_route=%2Fwp%2Fv2%2Fmedia&parent=209110"}],"wp:term":[{"taxonomy":"category","embeddable":true,"href":"https:\/\/archive.sana.sy\/tr\/index.php?rest_route=%2Fwp%2Fv2%2Fcategories&post=209110"},{"taxonomy":"post_tag","embeddable":true,"href":"https:\/\/archive.sana.sy\/tr\/index.php?rest_route=%2Fwp%2Fv2%2Ftags&post=209110"}],"curies":[{"name":"wp","href":"https:\/\/api.w.org\/{rel}","templated":true}]}}