{"id":209198,"date":"2020-05-15T20:49:01","date_gmt":"2020-05-15T17:49:01","guid":{"rendered":"http:\/\/www.sana.sy\/tr\/?p=209198"},"modified":"2020-05-17T08:13:37","modified_gmt":"2020-05-17T05:13:37","slug":"sb-tescil-edilen-korona-vakalarindan-7si-sifa-buldu-2-yeni-vaka-da-tescil-edildi","status":"publish","type":"post","link":"https:\/\/archive.sana.sy\/tr\/?p=209198","title":{"rendered":"SB: Tescil Edilen Korona Vakalar\u0131ndan 7&#8217;si \u015eifa Buldu 2 Yeni Vaka Da Tescil Edildi"},"content":{"rendered":"<p style=\"text-align: justify;\">\u015eAM \u2013 Sa\u011fl\u0131k Bakanl\u0131\u011f\u0131 bug\u00fcn Suriye&#8217;de tescil edilen korona vir\u00fcs vakalar\u0131ndan 7&#8217;sinin \u015fifa buldu\u011funu b\u00f6ylece \u015fifa bulan vaka say\u0131s\u0131n\u0131n 36&#8217;ya y\u00fckseldi\u011fini ayr\u0131ca koronavir\u00fcsl\u00fc iki vakan\u0131n daha tescil edildi\u011fini ve tescil edilen vaka say\u0131s\u0131n\u0131n 50&#8217;ye y\u00fckseldi\u011fini ilan etti.<\/p>\n<p style=\"text-align: justify;\">Bakanl\u0131k yay\u0131nlad\u0131\u011f\u0131 ve SANA&#8217;n\u0131n bir n\u00fcshas\u0131n\u0131 ald\u0131\u011f\u0131 beyanda, koronavir\u00fcs vakalar\u0131ndan 7&#8217;sinin \u015fifa buldu\u011funu, Suriye&#8217;de bug\u00fcne kadar tescil edilen korona vir\u00fcs vakalar\u0131n\u0131n 50&#8217;ye ula\u015ft\u0131\u011f\u0131n\u0131, bunlardan 36&#8217;s\u0131n\u0131n \u015fifa buldu\u011funu ve 3 vakan\u0131n vefat etti\u011fini a\u00e7\u0131klad\u0131.<\/p>\n","protected":false},"excerpt":{"rendered":"<p>\u015eAM \u2013 Sa\u011fl\u0131k Bakanl\u0131\u011f\u0131 bug\u00fcn Suriye&#8217;de tescil edilen korona vir\u00fcs vakalar\u0131ndan 7&#8217;sinin \u015fifa buldu\u011funu b\u00f6ylece \u015fifa bulan vaka say\u0131s\u0131n\u0131n 36&#8217;ya y\u00fckseldi\u011fini ayr\u0131ca koronavir\u00fcsl\u00fc iki vakan\u0131n daha tescil edildi\u011fini ve tescil edilen vaka say\u0131s\u0131n\u0131n 50&#8217;ye y\u00fckseldi\u011fini ilan etti. Bakanl\u0131k yay\u0131nlad\u0131\u011f\u0131 ve SANA&#8217;n\u0131n bir n\u00fcshas\u0131n\u0131 ald\u0131\u011f\u0131 beyanda, koronavir\u00fcs vakalar\u0131ndan 7&#8217;sinin \u015fifa buldu\u011funu, Suriye&#8217;de bug\u00fcne kadar tescil edilen &hellip;<\/p>\n","protected":false},"author":1,"featured_media":209199,"comment_status":"closed","ping_status":"closed","sticky":false,"template":"","format":"standard","meta":{"footnotes":""},"categories":[526,479,17988,525,478],"tags":[],"class_list":["post-209198","post","type-post","status-publish","format-standard","has-post-thumbnail","","category-haber-ve-raporlar","category-haberler-yerel","category-son-haberler","category-toplum","category-yerel"],"_links":{"self":[{"href":"https:\/\/archive.sana.sy\/tr\/index.php?rest_route=\/wp\/v2\/posts\/209198","targetHints":{"allow":["GET"]}}],"collection":[{"href":"https:\/\/archive.sana.sy\/tr\/index.php?rest_route=\/wp\/v2\/posts"}],"about":[{"href":"https:\/\/archive.sana.sy\/tr\/index.php?rest_route=\/wp\/v2\/types\/post"}],"author":[{"embeddable":true,"href":"https:\/\/archive.sana.sy\/tr\/index.php?rest_route=\/wp\/v2\/users\/1"}],"replies":[{"embeddable":true,"href":"https:\/\/archive.sana.sy\/tr\/index.php?rest_route=%2Fwp%2Fv2%2Fcomments&post=209198"}],"version-history":[{"count":0,"href":"https:\/\/archive.sana.sy\/tr\/index.php?rest_route=\/wp\/v2\/posts\/209198\/revisions"}],"wp:featuredmedia":[{"embeddable":true,"href":"https:\/\/archive.sana.sy\/tr\/index.php?rest_route=\/wp\/v2\/media\/209199"}],"wp:attachment":[{"href":"https:\/\/archive.sana.sy\/tr\/index.php?rest_route=%2Fwp%2Fv2%2Fmedia&parent=209198"}],"wp:term":[{"taxonomy":"category","embeddable":true,"href":"https:\/\/archive.sana.sy\/tr\/index.php?rest_route=%2Fwp%2Fv2%2Fcategories&post=209198"},{"taxonomy":"post_tag","embeddable":true,"href":"https:\/\/archive.sana.sy\/tr\/index.php?rest_route=%2Fwp%2Fv2%2Ftags&post=209198"}],"curies":[{"name":"wp","href":"https:\/\/api.w.org\/{rel}","templated":true}]}}