{"id":209204,"date":"2020-05-15T21:34:31","date_gmt":"2020-05-15T18:34:31","guid":{"rendered":"http:\/\/www.sana.sy\/tr\/?p=209204"},"modified":"2020-05-17T08:13:42","modified_gmt":"2020-05-17T05:13:42","slug":"haseke-seddadide-motorsiklet-infilak-etti-iki-sivil-yaralandi","status":"publish","type":"post","link":"https:\/\/archive.sana.sy\/tr\/?p=209204","title":{"rendered":"Haseke \u015eeddadi&#8217;de Motorsiklet \u0130nfilak Etti \u0130ki Sivil Yaraland\u0131"},"content":{"rendered":"<p style=\"text-align: justify;\">HASEKE \u2013 Haseke ili g\u00fcney k\u0131rsal\u0131ndaki e\u015f \u015eeddadi kentindeki ana caddede bomba d\u00fczene\u011fi yerle\u015ftirilmi\u015f bir motorsikletin infilak etmesi sonucunda iki sivil yaraland\u0131.<\/p>\n<p style=\"text-align: justify;\">SANA muhabiri, bomba d\u00fczenekli motorsikletin el \u015eeddai kentindeki eski Elektrik Acil Kurumu yan\u0131nda patlad\u0131\u011f\u0131n\u0131, bunun sonucunda bir adam ile 5 ya\u015f\u0131ndaki \u00e7ocu\u011funun yaralanmas\u0131na yol a\u00e7t\u0131\u011f\u0131n\u0131 bunun yan\u0131 s\u0131ra baz\u0131 ticari i\u015fyerleri ve olay yerinde park halindeki ara\u00e7larda maddi zararlara yol a\u00e7t\u0131\u011f\u0131n\u0131 s\u00f6yledi.<\/p>\n<p style=\"text-align: justify;\">Muhabir, yaral\u0131lar\u0131n tedavi i\u00e7in hastaneye kald\u0131r\u0131ld\u0131klar\u0131na i\u015faret etti.<\/p>\n","protected":false},"excerpt":{"rendered":"<p>HASEKE \u2013 Haseke ili g\u00fcney k\u0131rsal\u0131ndaki e\u015f \u015eeddadi kentindeki ana caddede bomba d\u00fczene\u011fi yerle\u015ftirilmi\u015f bir motorsikletin infilak etmesi sonucunda iki sivil yaraland\u0131. SANA muhabiri, bomba d\u00fczenekli motorsikletin el \u015eeddai kentindeki eski Elektrik Acil Kurumu yan\u0131nda patlad\u0131\u011f\u0131n\u0131, bunun sonucunda bir adam ile 5 ya\u015f\u0131ndaki \u00e7ocu\u011funun yaralanmas\u0131na yol a\u00e7t\u0131\u011f\u0131n\u0131 bunun yan\u0131 s\u0131ra baz\u0131 ticari i\u015fyerleri ve olay &hellip;<\/p>\n","protected":false},"author":1,"featured_media":209205,"comment_status":"closed","ping_status":"closed","sticky":false,"template":"","format":"standard","meta":{"footnotes":""},"categories":[479,575,17988,478],"tags":[],"class_list":["post-209204","post","type-post","status-publish","format-standard","has-post-thumbnail","","category-haberler-yerel","category-olaylar-ve-gercekler","category-son-haberler","category-yerel"],"_links":{"self":[{"href":"https:\/\/archive.sana.sy\/tr\/index.php?rest_route=\/wp\/v2\/posts\/209204","targetHints":{"allow":["GET"]}}],"collection":[{"href":"https:\/\/archive.sana.sy\/tr\/index.php?rest_route=\/wp\/v2\/posts"}],"about":[{"href":"https:\/\/archive.sana.sy\/tr\/index.php?rest_route=\/wp\/v2\/types\/post"}],"author":[{"embeddable":true,"href":"https:\/\/archive.sana.sy\/tr\/index.php?rest_route=\/wp\/v2\/users\/1"}],"replies":[{"embeddable":true,"href":"https:\/\/archive.sana.sy\/tr\/index.php?rest_route=%2Fwp%2Fv2%2Fcomments&post=209204"}],"version-history":[{"count":0,"href":"https:\/\/archive.sana.sy\/tr\/index.php?rest_route=\/wp\/v2\/posts\/209204\/revisions"}],"wp:featuredmedia":[{"embeddable":true,"href":"https:\/\/archive.sana.sy\/tr\/index.php?rest_route=\/wp\/v2\/media\/209205"}],"wp:attachment":[{"href":"https:\/\/archive.sana.sy\/tr\/index.php?rest_route=%2Fwp%2Fv2%2Fmedia&parent=209204"}],"wp:term":[{"taxonomy":"category","embeddable":true,"href":"https:\/\/archive.sana.sy\/tr\/index.php?rest_route=%2Fwp%2Fv2%2Fcategories&post=209204"},{"taxonomy":"post_tag","embeddable":true,"href":"https:\/\/archive.sana.sy\/tr\/index.php?rest_route=%2Fwp%2Fv2%2Ftags&post=209204"}],"curies":[{"name":"wp","href":"https:\/\/api.w.org\/{rel}","templated":true}]}}