{"id":20923,"date":"2015-01-16T17:56:48","date_gmt":"2015-01-16T15:56:48","guid":{"rendered":"http:\/\/sana.sy\/tr\/?p=20923"},"modified":"2015-01-16T17:56:48","modified_gmt":"2015-01-16T15:56:48","slug":"davet-edilenlerin-tumu-buyuk-bir-ilgi-ve-onem-veriyor","status":"publish","type":"post","link":"https:\/\/archive.sana.sy\/tr\/?p=20923","title":{"rendered":"Davet Edilenlerin T\u00fcm\u00fc B\u00fcy\u00fck Bir \u0130lgi ve \u00d6nem Veriyor"},"content":{"rendered":"<p>MOSKOVA \u2013 Rusya D\u0131\u015fi\u015fleri Bakan\u0131 Sergey Lavrov; Suriye&#8217;deki krizin siyasi \u00e7\u00f6z\u00fcm\u00fc konusunda \u2018Suriye muhalefeti\u2019 aras\u0131nda Moskova\u2019da yap\u0131lacak isti\u015fare oturumlar\u0131 i\u00e7in yap\u0131lan haz\u0131rl\u0131klar\u0131n aktif bir \u015fekilde devam etti\u011fini ilan etti.<\/p>\n<p>Tanzanyal\u0131 mevkida\u015f\u0131 Bernard Membe ile Moskova&#8217;da d\u00fczenledi\u011fi ortak bas\u0131n toplant\u0131s\u0131nda Lavrov; Moskova&#8217;daki isti\u015fare toplant\u0131lar\u0131na kat\u0131lma konusunda Rusya&#8217;n\u0131n \u015fu ana deki hi\u00e7bir muhalefet grubu taraf\u0131ndan kesin ret cevab\u0131 almad\u0131\u011f\u0131n\u0131 belirtti.<\/p>\n<p>avrov Suriye&#8217;deki kriz konusunda \u2018d\u0131\u015f akt\u00f6rler\u2019 olarak adland\u0131r\u0131lan taraflar\u0131n yan\u0131 s\u0131ra davet edilen t\u00fcm muhalif gruplar\u0131n\u0131n 26 ila 29 Ocak tarihleri aras\u0131nda Moskova&#8217;da yap\u0131lacak isti\u015fare oturumlar\u0131na b\u00fcy\u00fck bir ilgi ve \u00f6nem g\u00f6sterdiklerini belirtti.<\/p>\n<p>Suriye&#8217;de krizin ba\u015flamas\u0131ndan bu yana ilk kez Suriyeli t\u00fcm taraflar aras\u0131nda bu nitelikte bir bulu\u015fman\u0131n yap\u0131lmaya \u00e7al\u0131\u015f\u0131ld\u0131\u011f\u0131na i\u015faret eden Lavrov; dolay\u0131s\u0131yla haz\u0131rl\u0131k \u00e7er\u00e7evesinde yap\u0131lan ileti\u015fimlerin kolay olmad\u0131\u011f\u0131n\u0131 s\u00f6yledi.<\/p>\n<p>&nbsp;<\/p>\n","protected":false},"excerpt":{"rendered":"<p>MOSKOVA \u2013 Rusya D\u0131\u015fi\u015fleri Bakan\u0131 Sergey Lavrov; Suriye&#8217;deki krizin siyasi \u00e7\u00f6z\u00fcm\u00fc konusunda \u2018Suriye muhalefeti\u2019 aras\u0131nda Moskova\u2019da yap\u0131lacak isti\u015fare oturumlar\u0131 i\u00e7in yap\u0131lan haz\u0131rl\u0131klar\u0131n aktif bir \u015fekilde devam etti\u011fini ilan etti. Tanzanyal\u0131 mevkida\u015f\u0131 Bernard Membe ile Moskova&#8217;da d\u00fczenledi\u011fi ortak bas\u0131n toplant\u0131s\u0131nda Lavrov; Moskova&#8217;daki isti\u015fare toplant\u0131lar\u0131na kat\u0131lma konusunda Rusya&#8217;n\u0131n \u015fu ana deki hi\u00e7bir muhalefet grubu taraf\u0131ndan kesin ret &hellip;<\/p>\n","protected":false},"author":1,"featured_media":20924,"comment_status":"closed","ping_status":"closed","sticky":false,"template":"","format":"standard","meta":{"footnotes":""},"categories":[458,459,447],"tags":[10129],"class_list":["post-20923","post","type-post","status-publish","format-standard","has-post-thumbnail","","category-dunya1","category-haberler-arap-uluslararasi-politika","category-politika","tag-davet-edilenlerin-tumu-buyuk-bir-ilgi-ve-onem-veriyor-moskova-rusya-disisleri-bakani-sergey-lavrov-suriyedeki-krizin-siyasi-cozumu-konusunda-suriye-muhalefeti-arasinda-mo"],"_links":{"self":[{"href":"https:\/\/archive.sana.sy\/tr\/index.php?rest_route=\/wp\/v2\/posts\/20923","targetHints":{"allow":["GET"]}}],"collection":[{"href":"https:\/\/archive.sana.sy\/tr\/index.php?rest_route=\/wp\/v2\/posts"}],"about":[{"href":"https:\/\/archive.sana.sy\/tr\/index.php?rest_route=\/wp\/v2\/types\/post"}],"author":[{"embeddable":true,"href":"https:\/\/archive.sana.sy\/tr\/index.php?rest_route=\/wp\/v2\/users\/1"}],"replies":[{"embeddable":true,"href":"https:\/\/archive.sana.sy\/tr\/index.php?rest_route=%2Fwp%2Fv2%2Fcomments&post=20923"}],"version-history":[{"count":0,"href":"https:\/\/archive.sana.sy\/tr\/index.php?rest_route=\/wp\/v2\/posts\/20923\/revisions"}],"wp:featuredmedia":[{"embeddable":true,"href":"https:\/\/archive.sana.sy\/tr\/index.php?rest_route=\/wp\/v2\/media\/20924"}],"wp:attachment":[{"href":"https:\/\/archive.sana.sy\/tr\/index.php?rest_route=%2Fwp%2Fv2%2Fmedia&parent=20923"}],"wp:term":[{"taxonomy":"category","embeddable":true,"href":"https:\/\/archive.sana.sy\/tr\/index.php?rest_route=%2Fwp%2Fv2%2Fcategories&post=20923"},{"taxonomy":"post_tag","embeddable":true,"href":"https:\/\/archive.sana.sy\/tr\/index.php?rest_route=%2Fwp%2Fv2%2Ftags&post=20923"}],"curies":[{"name":"wp","href":"https:\/\/api.w.org\/{rel}","templated":true}]}}