{"id":209273,"date":"2020-05-16T11:57:51","date_gmt":"2020-05-16T08:57:51","guid":{"rendered":"http:\/\/www.sana.sy\/tr\/?p=209273"},"modified":"2020-05-17T08:13:50","modified_gmt":"2020-05-17T05:13:50","slug":"ab-turk-rejiminin-kibris-sahilinde-yasadisi-kazilarini-kinadi","status":"publish","type":"post","link":"https:\/\/archive.sana.sy\/tr\/?p=209273","title":{"rendered":"AB, T\u00fcrk Rejiminin K\u0131br\u0131s Sahilinde Yasad\u0131\u015f\u0131 Kaz\u0131lar\u0131n\u0131 K\u0131nad\u0131"},"content":{"rendered":"<p>BR\u00dcKSEL \u2013 Avrupa Birli\u011fi, uyar\u0131lara ve onlar\u0131 durdurmaya y\u00f6nelik \u00e7a\u011fr\u0131lara ra\u011fmen, T\u00fcrk rejiminin K\u0131br\u0131s karasular\u0131 kar\u015f\u0131s\u0131ndaki gaz alanlar\u0131nda yasad\u0131\u015f\u0131 kaz\u0131 \u00e7al\u0131\u015fmalar\u0131 s\u00fcrd\u00fcrmeye devam etmesini k\u0131nad\u0131, bu rejimin \u201canla\u015fmazl\u0131klar\u0131 \u015fiddetlendirme\u201d sorumlulu\u011funu ta\u015fad\u0131\u011f\u0131n\u0131 vurgulad\u0131lar.<\/p>\n<p>27 Avrupa Birli\u011fi \u00dcye \u00dclkesinin D\u0131\u015fi\u015fleri Bakanlar\u0131 d\u00fcn gece yay\u0131nlanan ortak bir beyanda ve Frans Prees Ajans\u0131ndan naklen, T\u00fcrk rejimini bu t\u00fcr hamleleri b\u0131rakmaya, K\u0131br\u0131s\u2019\u0131n egemenlik haklar\u0131na ve egemenli\u011fini vesayg\u0131 g\u00f6stermesini \u00e7a\u011fr\u0131s\u0131nda bulundular.<\/p>\n<p>Bakanlar, s\u00f6z konusu bu rejim, Avrupa Birli\u011fi\u2019nin bu t\u00fcr hamleleri durdurma \u00e7a\u011fr\u0131lar\u0131na yan\u0131t vermedi\u011fi i\u00e7in \u00fczg\u00fcn olduklar\u0131n\u0131 belirttiler.<\/p>\n<p>Bakanlar ayr\u0131ca, K\u0131br\u0131s\u2019\u0131n bu konuyu m\u00fczakere etme \u00c7abalar\u0131na dikkat \u00e7ekerek T\u00fcrk hareketlerindeki son y\u00fckseli\u015fin yanl\u0131\u015f y\u00f6ne gitti\u011fini vurgulad\u0131lar.<\/p>\n<p>\u00c7eviri: M.Y ve S.\u015e<\/p>\n","protected":false},"excerpt":{"rendered":"<p>BR\u00dcKSEL \u2013 Avrupa Birli\u011fi, uyar\u0131lara ve onlar\u0131 durdurmaya y\u00f6nelik \u00e7a\u011fr\u0131lara ra\u011fmen, T\u00fcrk rejiminin K\u0131br\u0131s karasular\u0131 kar\u015f\u0131s\u0131ndaki gaz alanlar\u0131nda yasad\u0131\u015f\u0131 kaz\u0131 \u00e7al\u0131\u015fmalar\u0131 s\u00fcrd\u00fcrmeye devam etmesini k\u0131nad\u0131, bu rejimin \u201canla\u015fmazl\u0131klar\u0131 \u015fiddetlendirme\u201d sorumlulu\u011funu ta\u015fad\u0131\u011f\u0131n\u0131 vurgulad\u0131lar. 27 Avrupa Birli\u011fi \u00dcye \u00dclkesinin D\u0131\u015fi\u015fleri Bakanlar\u0131 d\u00fcn gece yay\u0131nlanan ortak bir beyanda ve Frans Prees Ajans\u0131ndan naklen, T\u00fcrk rejimini bu t\u00fcr hamleleri &hellip;<\/p>\n","protected":false},"author":36,"featured_media":209274,"comment_status":"closed","ping_status":"closed","sticky":false,"template":"","format":"standard","meta":{"footnotes":""},"categories":[458,459,17988],"tags":[],"class_list":["post-209273","post","type-post","status-publish","format-standard","has-post-thumbnail","","category-dunya1","category-haberler-arap-uluslararasi-politika","category-son-haberler"],"_links":{"self":[{"href":"https:\/\/archive.sana.sy\/tr\/index.php?rest_route=\/wp\/v2\/posts\/209273","targetHints":{"allow":["GET"]}}],"collection":[{"href":"https:\/\/archive.sana.sy\/tr\/index.php?rest_route=\/wp\/v2\/posts"}],"about":[{"href":"https:\/\/archive.sana.sy\/tr\/index.php?rest_route=\/wp\/v2\/types\/post"}],"author":[{"embeddable":true,"href":"https:\/\/archive.sana.sy\/tr\/index.php?rest_route=\/wp\/v2\/users\/36"}],"replies":[{"embeddable":true,"href":"https:\/\/archive.sana.sy\/tr\/index.php?rest_route=%2Fwp%2Fv2%2Fcomments&post=209273"}],"version-history":[{"count":0,"href":"https:\/\/archive.sana.sy\/tr\/index.php?rest_route=\/wp\/v2\/posts\/209273\/revisions"}],"wp:featuredmedia":[{"embeddable":true,"href":"https:\/\/archive.sana.sy\/tr\/index.php?rest_route=\/wp\/v2\/media\/209274"}],"wp:attachment":[{"href":"https:\/\/archive.sana.sy\/tr\/index.php?rest_route=%2Fwp%2Fv2%2Fmedia&parent=209273"}],"wp:term":[{"taxonomy":"category","embeddable":true,"href":"https:\/\/archive.sana.sy\/tr\/index.php?rest_route=%2Fwp%2Fv2%2Fcategories&post=209273"},{"taxonomy":"post_tag","embeddable":true,"href":"https:\/\/archive.sana.sy\/tr\/index.php?rest_route=%2Fwp%2Fv2%2Ftags&post=209273"}],"curies":[{"name":"wp","href":"https:\/\/api.w.org\/{rel}","templated":true}]}}