{"id":20929,"date":"2015-01-16T18:52:58","date_gmt":"2015-01-16T16:52:58","guid":{"rendered":"http:\/\/sana.sy\/tr\/?p=20929"},"modified":"2015-01-16T18:52:58","modified_gmt":"2015-01-16T16:52:58","slug":"degersiz-ve-ucuk-bir-haber","status":"publish","type":"post","link":"https:\/\/archive.sana.sy\/tr\/?p=20929","title":{"rendered":"\u2018De\u011fersiz ve U\u00e7uk\u2019 Bir Haber"},"content":{"rendered":"<p>MOSKOVA \u2013 Rusya D\u0131\u015fi\u015fleri Bakanl\u0131\u011f\u0131 Alman Der Spiegel Dergisinin \u2018Suriye&#8217;nin yer alt\u0131nda gizli bir n\u00fckleer santrali tesis etmekte oldu\u011funa\u2019 ili\u015fkin haberlerini \u2018de\u011fersiz ve u\u00e7uk\u2019 haberler olarak nitelendirdi.<\/p>\n<p>Rusya D\u0131\u015fi\u015fleri Bakanl\u0131\u011f\u0131 Bas\u0131n ve Gazetecilik Ofisi bug\u00fcn yay\u0131nlad\u0131\u011f\u0131 beyanda; Suriye&#8217;nin bu meseleye cevheri bir \u015fekilde cevap verdi\u011fine dikkat \u00e7ekti.<\/p>\n<p>Beyanda Der Spiegel Dergisinin bu gibi as\u0131ls\u0131z ve u\u00e7uk haberlerle ciddiyetine zarar verdi\u011fine i\u015faret etti.<br \/>\nBu arada Enformasyon Bakanl\u0131\u011f\u0131nda yetkili bir kaynak bu ay\u0131n 12\u2019sinde yapt\u0131\u011f\u0131 a\u00e7\u0131klamada Alman Der Spiegel Dergisinin; \u2018Suriye\u2019nin n\u00fckleer santral in\u015fa etmekte oldu\u011fu\u2019 y\u00f6n\u00fcnde as\u0131ls\u0131z ve ger\u00e7ek d\u0131\u015f\u0131 bir haber yay\u0131nlad\u0131\u011f\u0131na i\u015faret ederek, bu haberin c\u00fcmleten ve ayr\u0131nt\u0131lar\u0131yla tamamen as\u0131ls\u0131z oldu\u011funu belirtmi\u015fti.<\/p>\n<p>Suriye\u2019nin bu as\u0131ls\u0131z iddialar\u0131 tamamen yalanlad\u0131\u011f\u0131n\u0131 ifade eden kaynak; ayr\u0131ca halk\u0131n\u0131 ve topra\u011f\u0131n\u0131 hedef alan evrensel sava\u015f kapsam\u0131nda geldi\u011fine dikkat \u00e7ekti\u011finin alt\u0131n\u0131 \u00e7izmi\u015fti.<\/p>\n","protected":false},"excerpt":{"rendered":"<p>MOSKOVA \u2013 Rusya D\u0131\u015fi\u015fleri Bakanl\u0131\u011f\u0131 Alman Der Spiegel Dergisinin \u2018Suriye&#8217;nin yer alt\u0131nda gizli bir n\u00fckleer santrali tesis etmekte oldu\u011funa\u2019 ili\u015fkin haberlerini \u2018de\u011fersiz ve u\u00e7uk\u2019 haberler olarak nitelendirdi. Rusya D\u0131\u015fi\u015fleri Bakanl\u0131\u011f\u0131 Bas\u0131n ve Gazetecilik Ofisi bug\u00fcn yay\u0131nlad\u0131\u011f\u0131 beyanda; Suriye&#8217;nin bu meseleye cevheri bir \u015fekilde cevap verdi\u011fine dikkat \u00e7ekti. Beyanda Der Spiegel Dergisinin bu gibi as\u0131ls\u0131z ve &hellip;<\/p>\n","protected":false},"author":1,"featured_media":6536,"comment_status":"closed","ping_status":"closed","sticky":false,"template":"","format":"standard","meta":{"footnotes":""},"categories":[458,459,447],"tags":[10131,10132],"class_list":["post-20929","post","type-post","status-publish","format-standard","has-post-thumbnail","","category-dunya1","category-haberler-arap-uluslararasi-politika","category-politika","tag-degersiz-ve-ucuk-bir-haber-moskova-rusya-disisleri-bakanligi-alman-der-spiegel-dergisinin-suriyenin-yer-altinda-gizli-bir-nukleer-santrali-tesis-etmekte-olduguna","tag-bu-haberin-cumleten-ve-ayrintilariyla-tamamen-asilsiz-oldugunu-belirtmisti-suriyenin-bu-asilsiz-iddialari-tamamen-yalanladigini-ifade-eden-kaynak-ayrica-halkini-ve-topragini-hedef-alan-evre"],"_links":{"self":[{"href":"https:\/\/archive.sana.sy\/tr\/index.php?rest_route=\/wp\/v2\/posts\/20929","targetHints":{"allow":["GET"]}}],"collection":[{"href":"https:\/\/archive.sana.sy\/tr\/index.php?rest_route=\/wp\/v2\/posts"}],"about":[{"href":"https:\/\/archive.sana.sy\/tr\/index.php?rest_route=\/wp\/v2\/types\/post"}],"author":[{"embeddable":true,"href":"https:\/\/archive.sana.sy\/tr\/index.php?rest_route=\/wp\/v2\/users\/1"}],"replies":[{"embeddable":true,"href":"https:\/\/archive.sana.sy\/tr\/index.php?rest_route=%2Fwp%2Fv2%2Fcomments&post=20929"}],"version-history":[{"count":0,"href":"https:\/\/archive.sana.sy\/tr\/index.php?rest_route=\/wp\/v2\/posts\/20929\/revisions"}],"wp:featuredmedia":[{"embeddable":true,"href":"https:\/\/archive.sana.sy\/tr\/index.php?rest_route=\/wp\/v2\/media\/6536"}],"wp:attachment":[{"href":"https:\/\/archive.sana.sy\/tr\/index.php?rest_route=%2Fwp%2Fv2%2Fmedia&parent=20929"}],"wp:term":[{"taxonomy":"category","embeddable":true,"href":"https:\/\/archive.sana.sy\/tr\/index.php?rest_route=%2Fwp%2Fv2%2Fcategories&post=20929"},{"taxonomy":"post_tag","embeddable":true,"href":"https:\/\/archive.sana.sy\/tr\/index.php?rest_route=%2Fwp%2Fv2%2Ftags&post=20929"}],"curies":[{"name":"wp","href":"https:\/\/api.w.org\/{rel}","templated":true}]}}