{"id":209294,"date":"2020-05-16T22:40:37","date_gmt":"2020-05-16T19:40:37","guid":{"rendered":"http:\/\/www.sana.sy\/tr\/?p=209294"},"modified":"2020-05-17T11:38:30","modified_gmt":"2020-05-17T08:38:30","slug":"saglik-bakanligi-alti-korona-virus-vakasi-disaridan-gelenlerde-tescil-edildi-bu-ayin-basindan-bu-yana-hicbir-vaka-tescil-edilmedi","status":"publish","type":"post","link":"https:\/\/archive.sana.sy\/tr\/?p=209294","title":{"rendered":"Sa\u011fl\u0131k Bakanl\u0131\u011f\u0131: Alt\u0131 Korona Vir\u00fcs Vakas\u0131 D\u0131\u015far\u0131dan Gelenlerde Tescil Edildi Bu ay\u0131n Ba\u015f\u0131ndan Bu Yana Hi\u00e7bir Vaka Tescil Edilmedi"},"content":{"rendered":"<p style=\"text-align: justify;\">\u015eAM \u2013 Sa\u011fl\u0131k Bakanl\u0131\u011f\u0131 son alt\u0131 korona virs vakas\u0131n\u0131n yurt d\u0131\u015f\u0131ndan gelenlerin \u00fczerinde kaydedildi\u011fini ve bu ay\u0131n ba\u015f\u0131ndan bu yana yurt i\u00e7inde hi\u00e7bir vakan\u0131n tescil edilmedi\u011fini ilan etti.<\/p>\n<p style=\"text-align: justify;\">Bakanl\u0131ktaki bula\u015f\u0131c\u0131 ve kronik hastal\u0131klar m\u00fcd\u00fcr yard\u0131mc\u0131s\u0131 Dr. At\u0131f El Tavil SANA muhabirine yapt\u0131\u011f\u0131 a\u00e7\u0131klamada, vir\u00fcs\u00fcn son vakas\u0131n\u0131n yerel olarak kayd\u0131n\u0131n 15 g\u00fcn \u00f6nce oldu\u011funu vebunun umut verici bir g\u00f6sterge oldu\u011funu belirterek, yak\u0131n zamanda kaydedilen 6 vakan\u0131n PSR analizleri sonucunda \u00fclke d\u0131\u015f\u0131ndan gelen insanlar aras\u0131nda oldu\u011funu ve \u00e7o\u011fu semptomsuz oldu\u011funu kendilerinin ve bulu\u015ftuklar\u0131 kimselerin de takip edildi\u011fini ifade etti.<\/p>\n<p style=\"text-align: justify;\">Dr. El Tavil, son iki hafta i\u00e7erisinde 13 hava yolu seferiyle 9 \u00fclkeden 2270 vatanda\u015f\u0131n getirildi\u011fini ve sa\u011fl\u0131k durumlar\u0131n\u0131 14 g\u00fcn izlenmesi i\u00e7in karantina merkezlerine konulduklar\u0131n\u0131 belirterek, bu vatanda\u015flar \u00fczerinde yap\u0131lan korona vir\u00fcs testleri sonucunda 6 vakan\u0131n tescil edildi\u011fini di\u011fer sonu\u00e7lar\u0131n negatif \u00e7\u0131kt\u0131\u011f\u0131n\u0131 ve karantina s\u00fcrelerinin sona ermes\u015fyle evlerine g\u00f6nderildiklerini s\u00f6yledi.<\/p>\n<p style=\"text-align: justify;\">Dr. El Tavil, Suriye&#8217;de 22 Mart&#8217;tan bug\u00fcne kadar tescil edilen vaka say\u0131s\u0131n\u0131n 50&#8217;ye vard\u0131\u011f\u0131n\u0131 bunlardan 36&#8217;s\u0131n\u0131n iyile\u015fti\u011fini 3 vakan\u0131n vefat etti\u011fini geriye 11 vakan\u0131n halan izolasyon merkezlerinde tedavi alt\u0131nda olduklar\u0131n\u0131 a\u00e7\u0131klad\u0131.<\/p>\n<p style=\"text-align: justify;\">Dr. El Tavil, vir\u00fcs enfeksiyonunun tespiti ile ilgili analizler i\u00e7in smear yap\u0131lmas\u0131n\u0131n yetkili laboratuvarlar\u0131n kapasitesine ve kronik hastal\u0131\u011f\u0131 olan ya\u015fl\u0131lar ve engelli ki\u015filer i\u00e7in \u00f6nceli\u011fe g\u00f6re yap\u0131ld\u0131\u011f\u0131n\u0131 belirtti.<\/p>\n<p style=\"text-align: justify;\">Suriye&#8217;de vakalar\u0131n da\u011f\u0131l\u0131m\u0131 ile ilgili harita hakk\u0131nda ise dr. El Tavil, Dera&#8217;da bir vakan\u0131n kaydedildi\u011fini ve iyile\u015fti\u011fini, \u015eam k\u0131rsal\u0131nda 34 vakan\u0131n kaydedildi\u011fini bunlardan 25 vakan\u0131n iyile\u015fti\u011fini ve 1 vakan\u0131n \u00f6ld\u00fc\u011f\u00fcn\u00fc, 8 vakan\u0131n da aktif oldu\u011funu, \u015eam&#8217;da 15 vakan\u0131n kaydedildi\u011fini, bunlardan 2 vakan\u0131n \u00f6ld\u00fc\u011f\u00fcn\u00fc, 10 vakan\u0131n iyile\u015fti\u011fini ve 3 vakan\u0131n da t\u0131bbi takip alt\u0131nda oldu\u011funu belirtti.<\/p>\n","protected":false},"excerpt":{"rendered":"<p>\u015eAM \u2013 Sa\u011fl\u0131k Bakanl\u0131\u011f\u0131 son alt\u0131 korona virs vakas\u0131n\u0131n yurt d\u0131\u015f\u0131ndan gelenlerin \u00fczerinde kaydedildi\u011fini ve bu ay\u0131n ba\u015f\u0131ndan bu yana yurt i\u00e7inde hi\u00e7bir vakan\u0131n tescil edilmedi\u011fini ilan etti. Bakanl\u0131ktaki bula\u015f\u0131c\u0131 ve kronik hastal\u0131klar m\u00fcd\u00fcr yard\u0131mc\u0131s\u0131 Dr. At\u0131f El Tavil SANA muhabirine yapt\u0131\u011f\u0131 a\u00e7\u0131klamada, vir\u00fcs\u00fcn son vakas\u0131n\u0131n yerel olarak kayd\u0131n\u0131n 15 g\u00fcn \u00f6nce oldu\u011funu vebunun umut &hellip;<\/p>\n","protected":false},"author":1,"featured_media":209295,"comment_status":"closed","ping_status":"closed","sticky":false,"template":"","format":"standard","meta":{"footnotes":""},"categories":[526,479,17988,525,478],"tags":[],"class_list":["post-209294","post","type-post","status-publish","format-standard","has-post-thumbnail","","category-haber-ve-raporlar","category-haberler-yerel","category-son-haberler","category-toplum","category-yerel"],"_links":{"self":[{"href":"https:\/\/archive.sana.sy\/tr\/index.php?rest_route=\/wp\/v2\/posts\/209294","targetHints":{"allow":["GET"]}}],"collection":[{"href":"https:\/\/archive.sana.sy\/tr\/index.php?rest_route=\/wp\/v2\/posts"}],"about":[{"href":"https:\/\/archive.sana.sy\/tr\/index.php?rest_route=\/wp\/v2\/types\/post"}],"author":[{"embeddable":true,"href":"https:\/\/archive.sana.sy\/tr\/index.php?rest_route=\/wp\/v2\/users\/1"}],"replies":[{"embeddable":true,"href":"https:\/\/archive.sana.sy\/tr\/index.php?rest_route=%2Fwp%2Fv2%2Fcomments&post=209294"}],"version-history":[{"count":0,"href":"https:\/\/archive.sana.sy\/tr\/index.php?rest_route=\/wp\/v2\/posts\/209294\/revisions"}],"wp:featuredmedia":[{"embeddable":true,"href":"https:\/\/archive.sana.sy\/tr\/index.php?rest_route=\/wp\/v2\/media\/209295"}],"wp:attachment":[{"href":"https:\/\/archive.sana.sy\/tr\/index.php?rest_route=%2Fwp%2Fv2%2Fmedia&parent=209294"}],"wp:term":[{"taxonomy":"category","embeddable":true,"href":"https:\/\/archive.sana.sy\/tr\/index.php?rest_route=%2Fwp%2Fv2%2Fcategories&post=209294"},{"taxonomy":"post_tag","embeddable":true,"href":"https:\/\/archive.sana.sy\/tr\/index.php?rest_route=%2Fwp%2Fv2%2Ftags&post=209294"}],"curies":[{"name":"wp","href":"https:\/\/api.w.org\/{rel}","templated":true}]}}