{"id":209309,"date":"2020-05-16T22:49:50","date_gmt":"2020-05-16T19:49:50","guid":{"rendered":"http:\/\/www.sana.sy\/tr\/?p=209309"},"modified":"2020-05-17T11:38:37","modified_gmt":"2020-05-17T08:38:37","slug":"super-ligi-surdurmek-icin-hazirlik-maclari-suruyor","status":"publish","type":"post","link":"https:\/\/archive.sana.sy\/tr\/?p=209309","title":{"rendered":"S\u00fcper Lig&#8217;i S\u00fcrd\u00fcrmek \u0130\u00e7in Haz\u0131rl\u0131k Ma\u00e7lar\u0131 S\u00fcr\u00fcyor"},"content":{"rendered":"<p style=\"text-align: justify;\">\u0130LLER \u2013 Bu ay\u0131n sonunda s\u00fcrd\u00fcr\u00fclmesi kararla\u015ft\u0131r\u0131lan s\u00fcper lig haz\u0131rl\u0131k ma\u00e7lar\u0131 \u00e7er\u00e7evesinde bug\u00fcn yap\u0131lan haz\u0131rl\u0131k ma\u00e7lar\u0131nda Talia, Te\u015frin ve Ordu tak\u0131mlar\u0131 Sahil, Ceble ve \u015eurta tak\u0131mlar\u0131na galip geldi.<\/p>\n<p style=\"text-align: justify;\">Hama el Beledi Satad\u0131nda oynanan kar\u015f\u0131lamada Talia, Sahil tak\u0131m\u0131n\u0131 1-0 ma\u011flup etti.<\/p>\n<p style=\"text-align: justify;\">Talia teknik direkt\u00f6r\u00fc SANA muhabirine a\u00e7\u0131klamas\u0131nda, s\u00f6z konusu kar\u015f\u0131la\u015fmalar\u0131n oyuncular\u0131n teknik ve beden yap\u0131lar\u0131n\u0131 geli\u015ftirmek ve ma\u00e7 havas\u0131na d\u00f6nmek i\u00e7in \u00e7ok \u00f6nemli kar\u015f\u0131la\u015fmalar oldu\u011funu s\u00f6yledi.<\/p>\n<p style=\"text-align: justify;\">Ceble El Baas Stad\u0131nda oynanan di\u011fer kar\u015f\u0131la\u015fmada ise Te\u015frin, Ceble&#8217;yi Basil Mustafa&#8217;n\u0131n gol\u00fcyle 1-0 yendi.<\/p>\n<p style=\"text-align: justify;\">Te\u015frin teknik direkt\u00f6r\u00fc, oyuncular\u0131n seviyesini \u00f6l\u00e7mek ve esas tak\u0131m\u0131 olu\u015fturmak a\u00e7\u0131s\u0131ndan bu ma\u00e7lar\u0131n \u00f6nemli oldu\u011funu dile getirerek gelecek d\u00f6enmde Homs&#8217;ta el Kerame, Lazkiye&#8217;de de el \u0130ttihat ile kaar\u015f\u0131la\u015facaklar\u0131n\u0131 s\u00f6yledi.<\/p>\n<p style=\"text-align: justify;\">Di\u011fer taraftan Ordu tak\u0131m\u0131 \u015eurta ile \u015eam&#8217;da oynad\u0131\u011f\u0131 ma\u00e7\u0131 3-0 galibiyetle sona erdirdi.<\/p>\n<p style=\"text-align: justify;\">\n","protected":false},"excerpt":{"rendered":"<p>\u0130LLER \u2013 Bu ay\u0131n sonunda s\u00fcrd\u00fcr\u00fclmesi kararla\u015ft\u0131r\u0131lan s\u00fcper lig haz\u0131rl\u0131k ma\u00e7lar\u0131 \u00e7er\u00e7evesinde bug\u00fcn yap\u0131lan haz\u0131rl\u0131k ma\u00e7lar\u0131nda Talia, Te\u015frin ve Ordu tak\u0131mlar\u0131 Sahil, Ceble ve \u015eurta tak\u0131mlar\u0131na galip geldi. Hama el Beledi Satad\u0131nda oynanan kar\u015f\u0131lamada Talia, Sahil tak\u0131m\u0131n\u0131 1-0 ma\u011flup etti. Talia teknik direkt\u00f6r\u00fc SANA muhabirine a\u00e7\u0131klamas\u0131nda, s\u00f6z konusu kar\u015f\u0131la\u015fmalar\u0131n oyuncular\u0131n teknik ve beden yap\u0131lar\u0131n\u0131 geli\u015ftirmek &hellip;<\/p>\n","protected":false},"author":1,"featured_media":209310,"comment_status":"closed","ping_status":"closed","sticky":false,"template":"","format":"standard","meta":{"footnotes":""},"categories":[479,17988,496,478,497],"tags":[],"class_list":["post-209309","post","type-post","status-publish","format-standard","has-post-thumbnail","","category-haberler-yerel","category-son-haberler","category-spor","category-yerel","category-yerel-turnuvalar"],"_links":{"self":[{"href":"https:\/\/archive.sana.sy\/tr\/index.php?rest_route=\/wp\/v2\/posts\/209309","targetHints":{"allow":["GET"]}}],"collection":[{"href":"https:\/\/archive.sana.sy\/tr\/index.php?rest_route=\/wp\/v2\/posts"}],"about":[{"href":"https:\/\/archive.sana.sy\/tr\/index.php?rest_route=\/wp\/v2\/types\/post"}],"author":[{"embeddable":true,"href":"https:\/\/archive.sana.sy\/tr\/index.php?rest_route=\/wp\/v2\/users\/1"}],"replies":[{"embeddable":true,"href":"https:\/\/archive.sana.sy\/tr\/index.php?rest_route=%2Fwp%2Fv2%2Fcomments&post=209309"}],"version-history":[{"count":0,"href":"https:\/\/archive.sana.sy\/tr\/index.php?rest_route=\/wp\/v2\/posts\/209309\/revisions"}],"wp:featuredmedia":[{"embeddable":true,"href":"https:\/\/archive.sana.sy\/tr\/index.php?rest_route=\/wp\/v2\/media\/209310"}],"wp:attachment":[{"href":"https:\/\/archive.sana.sy\/tr\/index.php?rest_route=%2Fwp%2Fv2%2Fmedia&parent=209309"}],"wp:term":[{"taxonomy":"category","embeddable":true,"href":"https:\/\/archive.sana.sy\/tr\/index.php?rest_route=%2Fwp%2Fv2%2Fcategories&post=209309"},{"taxonomy":"post_tag","embeddable":true,"href":"https:\/\/archive.sana.sy\/tr\/index.php?rest_route=%2Fwp%2Fv2%2Ftags&post=209309"}],"curies":[{"name":"wp","href":"https:\/\/api.w.org\/{rel}","templated":true}]}}