{"id":20931,"date":"2015-01-16T19:19:54","date_gmt":"2015-01-16T17:19:54","guid":{"rendered":"http:\/\/sana.sy\/tr\/?p=20931"},"modified":"2015-01-17T16:06:08","modified_gmt":"2015-01-17T14:06:08","slug":"tekfirci-teror-gruplari-karsisinda-basarilar-devam-ediyor","status":"publish","type":"post","link":"https:\/\/archive.sana.sy\/tr\/?p=20931","title":{"rendered":"Tekfirci Ter\u00f6r Gruplar\u0131 Kar\u015f\u0131s\u0131nda Ba\u015far\u0131lar Devam Ediyor"},"content":{"rendered":"<p>\u0130LLER \u2013 Kahraman ordu birliklerimiz, vatan topraklar\u0131nda karanl\u0131k ve tekfirci ter\u00f6r fikirlerini ekmeye \u00e7al\u0131\u015fan ve bu ama\u00e7 u\u011fruna insanl\u0131k tarihinde g\u00f6r\u00fclmemi\u015f bir vah\u015fet uygulayan silahl\u0131 ter\u00f6r gruplar\u0131 kar\u015f\u0131s\u0131nda ba\u015far\u0131lar\u0131n\u0131 s\u00fcrd\u00fcrerek bug\u00fcn de onlarca ter\u00f6risti \u00f6l\u00fc ve yaral\u0131 olarak ele ge\u00e7irmekle birlikte b\u00fcy\u00fck miktarda silah ve m\u00fchimmatlar\u0131n\u0131 imha etti.<\/p>\n<p><span style=\"color: #0000ff\">Dera K\u0131rsal\u0131nda Onlarca Ter\u00f6rist \u00d6ld\u00fcr\u00fcld\u00fc<\/span><\/p>\n<p>Askeri bir kaynak SANA\u2019ya a\u00e7\u0131klamas\u0131nda ordu birliklerimizin Dera k\u0131rsal\u0131 Busra el \u015eam ve Ciyze b\u00f6lgelerinde \u00e7ok say\u0131da ter\u00f6risti \u00f6l\u00fc ve yaral\u0131 d\u00fc\u015f\u00fcr\u00fcp su\u00e7 edatlar\u0131n\u0131 da etkisiz hale getirdiklerini ifade etti.<\/p>\n<p>Ordu birliklerimiz Dera Beled\u2019in Bilal el Haba\u015fi Caminin \u00e7evresinde ise netlikli operasyonlar\u0131n\u0131 s\u00fcrd\u00fcrmeleriyle bir\u00e7ok ter\u00f6risti \u00f6l\u00fc ve yaral\u0131 d\u00fc\u015f\u00fcrd\u00fc.<\/p>\n<p><span style=\"color: #0000ff\">\u0130dlib K\u0131rsal\u0131nda A\u011f\u0131r Makineli Silahlarla Donat\u0131lm\u0131\u015f Ara\u00e7lar\u0131 \u0130mha Edildi<\/span><\/p>\n<p>Bu arada ordu birliklerimizin \u0130dlib k\u0131rsal\u0131 Kefar Teharim, Benni\u015f ve Ermenaz beldelerinin civar\u0131nda a\u011f\u0131r makineli silahla donat\u0131lm\u0131\u015f 8 arac\u0131 ve transferin arabas\u0131n\u0131 imha etti\u011fini aktaran kaynak; onlarca ter\u00f6ristin de \u00f6ld\u00fcr\u00fcld\u00fc\u011f\u00fcn\u00fc belirtti.<\/p>\n<p><span style=\"color: #0000ff\">Homs K\u0131rsal\u0131nda Operasyonlar Ba\u015far\u0131yla Devam Ediyor<\/span><\/p>\n<p>Saha kaynaklar\u0131; ordu birliklerimizin Homs k\u0131rsal\u0131 Rhum ile Unk el Hava k\u00f6yleri aras\u0131na ilaveten Mu\u015frife ve Su\u2019\u0131n k\u00f6yleri \u00e7evresinde \u00e7ok say\u0131da ter\u00f6risti \u00f6l\u00fc ve yaral\u0131 d\u00fc\u015f\u00fcrd\u00fcklerini belirtti.<\/p>\n<p>\u00d6te yandan ordu birliklerimiz Homs k\u0131rsal\u0131n\u0131n Cub Cerrah Nahiyesine tabi Um Sahric B\u00f6lgesinde ter\u00f6ristlerin yuva ve k\u00fcmelenme yerlerini hedef almalar\u0131yla \u00e7ok say\u0131da ter\u00f6risti \u00f6l\u00fc ve yaral\u0131 d\u00fc\u015f\u00fcrd\u00fc.<\/p>\n<p>&nbsp;<\/p>\n<p>M. Musa<\/p>\n<p>&nbsp;<\/p>\n","protected":false},"excerpt":{"rendered":"<p>\u0130LLER \u2013 Kahraman ordu birliklerimiz, vatan topraklar\u0131nda karanl\u0131k ve tekfirci ter\u00f6r fikirlerini ekmeye \u00e7al\u0131\u015fan ve bu ama\u00e7 u\u011fruna insanl\u0131k tarihinde g\u00f6r\u00fclmemi\u015f bir vah\u015fet uygulayan silahl\u0131 ter\u00f6r gruplar\u0131 kar\u015f\u0131s\u0131nda ba\u015far\u0131lar\u0131n\u0131 s\u00fcrd\u00fcrerek bug\u00fcn de onlarca ter\u00f6risti \u00f6l\u00fc ve yaral\u0131 olarak ele ge\u00e7irmekle birlikte b\u00fcy\u00fck miktarda silah ve m\u00fchimmatlar\u0131n\u0131 imha etti. Dera K\u0131rsal\u0131nda Onlarca Ter\u00f6rist \u00d6ld\u00fcr\u00fcld\u00fc Askeri bir &hellip;<\/p>\n","protected":false},"author":1,"featured_media":20934,"comment_status":"closed","ping_status":"closed","sticky":false,"template":"","format":"standard","meta":{"footnotes":""},"categories":[575],"tags":[10135,10133,10134],"class_list":["post-20931","post","type-post","status-publish","format-standard","has-post-thumbnail","","category-olaylar-ve-gercekler","tag-bennis-ve-ermenaz-beldelerinin-civarinda-agir-makineli-silahla-donatilmis-8-araci-ve-transferin-arabasini-imha-ettigini-aktaran-kaynak-onlarca-teroristin-de-olduruldugunu-belirtti-homs-kirsalinda-op","tag-tekfirci-teror-gruplari-karsisinda-basarilar-devam-ediyor-iller-kahraman-ordu-birliklerimiz","tag-vatan-topraklarinda-karanlik-ve-tekfirci-teror-fikirlerini-ekmeye-calisan-ve-bu-amac-ugruna-insanlik-tarihinde-gorulmemis-bir-vahset-uygulayan-silahli-teror-gruplari-karsisinda-basarilarini-surdurerek"],"_links":{"self":[{"href":"https:\/\/archive.sana.sy\/tr\/index.php?rest_route=\/wp\/v2\/posts\/20931","targetHints":{"allow":["GET"]}}],"collection":[{"href":"https:\/\/archive.sana.sy\/tr\/index.php?rest_route=\/wp\/v2\/posts"}],"about":[{"href":"https:\/\/archive.sana.sy\/tr\/index.php?rest_route=\/wp\/v2\/types\/post"}],"author":[{"embeddable":true,"href":"https:\/\/archive.sana.sy\/tr\/index.php?rest_route=\/wp\/v2\/users\/1"}],"replies":[{"embeddable":true,"href":"https:\/\/archive.sana.sy\/tr\/index.php?rest_route=%2Fwp%2Fv2%2Fcomments&post=20931"}],"version-history":[{"count":0,"href":"https:\/\/archive.sana.sy\/tr\/index.php?rest_route=\/wp\/v2\/posts\/20931\/revisions"}],"wp:featuredmedia":[{"embeddable":true,"href":"https:\/\/archive.sana.sy\/tr\/index.php?rest_route=\/wp\/v2\/media\/20934"}],"wp:attachment":[{"href":"https:\/\/archive.sana.sy\/tr\/index.php?rest_route=%2Fwp%2Fv2%2Fmedia&parent=20931"}],"wp:term":[{"taxonomy":"category","embeddable":true,"href":"https:\/\/archive.sana.sy\/tr\/index.php?rest_route=%2Fwp%2Fv2%2Fcategories&post=20931"},{"taxonomy":"post_tag","embeddable":true,"href":"https:\/\/archive.sana.sy\/tr\/index.php?rest_route=%2Fwp%2Fv2%2Ftags&post=20931"}],"curies":[{"name":"wp","href":"https:\/\/api.w.org\/{rel}","templated":true}]}}