{"id":209374,"date":"2020-05-17T10:35:46","date_gmt":"2020-05-17T07:35:46","guid":{"rendered":"http:\/\/www.sana.sy\/tr\/?p=209374"},"modified":"2020-05-18T08:17:24","modified_gmt":"2020-05-18T05:17:24","slug":"haseke-sehrindeki-el-hamuye-pazarinda-cikan-yangin-sonduruldu","status":"publish","type":"post","link":"https:\/\/archive.sana.sy\/tr\/?p=209374","title":{"rendered":"Haseke \u015eehrindeki El Hamuye Pazar\u0131nda \u00c7\u0131kan Yang\u0131n S\u00f6nd\u00fcr\u00fcld\u00fc"},"content":{"rendered":"<p>HASEKE \u2013 Haseke \u015eehrindeki itfaiye ekibi ve Sivil Savunma unsurlar\u0131, \u015eehir merkezindeki el Hamuye pazar\u0131nda baz\u0131 ma\u011fazalarda \u00e7\u0131kan yang\u0131n\u0131 s\u00f6nd\u00fcrd\u00fc.<\/p>\n<p>Yang\u0131n sonucunda, ev gere\u00e7leri satan \u00fc\u00e7 ma\u011faza tamamen telef oldu.<\/p>\n<p>\u00c7eviri: M.Y S.S<\/p>\n<div id='gallery-1' class='gallery galleryid-209374 gallery-columns-1 gallery-size-full'><figure class='gallery-item'>\n\t\t\t<div class='gallery-icon landscape'>\n\t\t\t\t<a href='https:\/\/archive.sana.sy\/tr\/wp-content\/uploads\/2020\/05\/1-280.jpg'><img loading=\"lazy\" decoding=\"async\" width=\"660\" height=\"371\" src=\"https:\/\/archive.sana.sy\/tr\/wp-content\/uploads\/2020\/05\/1-280.jpg\" class=\"attachment-full size-full\" alt=\"\" srcset=\"https:\/\/archive.sana.sy\/tr\/wp-content\/uploads\/2020\/05\/1-280.jpg 660w, https:\/\/archive.sana.sy\/tr\/wp-content\/uploads\/2020\/05\/1-280-300x169.jpg 300w, https:\/\/archive.sana.sy\/tr\/wp-content\/uploads\/2020\/05\/1-280-150x84.jpg 150w\" sizes=\"auto, (max-width: 660px) 100vw, 660px\" \/><\/a>\n\t\t\t<\/div><\/figure><figure class='gallery-item'>\n\t\t\t<div class='gallery-icon landscape'>\n\t\t\t\t<a href='https:\/\/archive.sana.sy\/tr\/wp-content\/uploads\/2020\/05\/hasaka11-Copy.jpg'><img loading=\"lazy\" decoding=\"async\" width=\"660\" height=\"371\" src=\"https:\/\/archive.sana.sy\/tr\/wp-content\/uploads\/2020\/05\/hasaka11-Copy.jpg\" class=\"attachment-full size-full\" alt=\"\" srcset=\"https:\/\/archive.sana.sy\/tr\/wp-content\/uploads\/2020\/05\/hasaka11-Copy.jpg 660w, https:\/\/archive.sana.sy\/tr\/wp-content\/uploads\/2020\/05\/hasaka11-Copy-300x169.jpg 300w, https:\/\/archive.sana.sy\/tr\/wp-content\/uploads\/2020\/05\/hasaka11-Copy-150x84.jpg 150w\" sizes=\"auto, (max-width: 660px) 100vw, 660px\" \/><\/a>\n\t\t\t<\/div><\/figure><figure class='gallery-item'>\n\t\t\t<div class='gallery-icon landscape'>\n\t\t\t\t<a href='https:\/\/archive.sana.sy\/tr\/wp-content\/uploads\/2020\/05\/hasaka13.jpg'><img loading=\"lazy\" decoding=\"async\" width=\"660\" height=\"371\" src=\"https:\/\/archive.sana.sy\/tr\/wp-content\/uploads\/2020\/05\/hasaka13.jpg\" class=\"attachment-full size-full\" alt=\"\" srcset=\"https:\/\/archive.sana.sy\/tr\/wp-content\/uploads\/2020\/05\/hasaka13.jpg 660w, https:\/\/archive.sana.sy\/tr\/wp-content\/uploads\/2020\/05\/hasaka13-300x169.jpg 300w, https:\/\/archive.sana.sy\/tr\/wp-content\/uploads\/2020\/05\/hasaka13-150x84.jpg 150w\" sizes=\"auto, (max-width: 660px) 100vw, 660px\" \/><\/a>\n\t\t\t<\/div><\/figure><figure class='gallery-item'>\n\t\t\t<div class='gallery-icon landscape'>\n\t\t\t\t<a href='https:\/\/archive.sana.sy\/tr\/wp-content\/uploads\/2020\/05\/hasaka14.jpg'><img loading=\"lazy\" decoding=\"async\" width=\"660\" height=\"436\" src=\"https:\/\/archive.sana.sy\/tr\/wp-content\/uploads\/2020\/05\/hasaka14.jpg\" class=\"attachment-full size-full\" alt=\"\" srcset=\"https:\/\/archive.sana.sy\/tr\/wp-content\/uploads\/2020\/05\/hasaka14.jpg 660w, https:\/\/archive.sana.sy\/tr\/wp-content\/uploads\/2020\/05\/hasaka14-300x198.jpg 300w, https:\/\/archive.sana.sy\/tr\/wp-content\/uploads\/2020\/05\/hasaka14-150x99.jpg 150w, https:\/\/archive.sana.sy\/tr\/wp-content\/uploads\/2020\/05\/hasaka14-310x205.jpg 310w\" sizes=\"auto, (max-width: 660px) 100vw, 660px\" \/><\/a>\n\t\t\t<\/div><\/figure>\n\t\t<\/div>\n\n","protected":false},"excerpt":{"rendered":"<p>HASEKE \u2013 Haseke \u015eehrindeki itfaiye ekibi ve Sivil Savunma unsurlar\u0131, \u015eehir merkezindeki el Hamuye pazar\u0131nda baz\u0131 ma\u011fazalarda \u00e7\u0131kan yang\u0131n\u0131 s\u00f6nd\u00fcrd\u00fc. Yang\u0131n sonucunda, ev gere\u00e7leri satan \u00fc\u00e7 ma\u011faza tamamen telef oldu. \u00c7eviri: M.Y S.S<\/p>\n","protected":false},"author":36,"featured_media":209379,"comment_status":"closed","ping_status":"closed","sticky":false,"template":"","format":"standard","meta":{"footnotes":""},"categories":[596,479,17988,478],"tags":[],"class_list":["post-209374","post","type-post","status-publish","format-standard","has-post-thumbnail","","category-fotografli-raporlar","category-haberler-yerel","category-son-haberler","category-yerel"],"_links":{"self":[{"href":"https:\/\/archive.sana.sy\/tr\/index.php?rest_route=\/wp\/v2\/posts\/209374","targetHints":{"allow":["GET"]}}],"collection":[{"href":"https:\/\/archive.sana.sy\/tr\/index.php?rest_route=\/wp\/v2\/posts"}],"about":[{"href":"https:\/\/archive.sana.sy\/tr\/index.php?rest_route=\/wp\/v2\/types\/post"}],"author":[{"embeddable":true,"href":"https:\/\/archive.sana.sy\/tr\/index.php?rest_route=\/wp\/v2\/users\/36"}],"replies":[{"embeddable":true,"href":"https:\/\/archive.sana.sy\/tr\/index.php?rest_route=%2Fwp%2Fv2%2Fcomments&post=209374"}],"version-history":[{"count":0,"href":"https:\/\/archive.sana.sy\/tr\/index.php?rest_route=\/wp\/v2\/posts\/209374\/revisions"}],"wp:featuredmedia":[{"embeddable":true,"href":"https:\/\/archive.sana.sy\/tr\/index.php?rest_route=\/wp\/v2\/media\/209379"}],"wp:attachment":[{"href":"https:\/\/archive.sana.sy\/tr\/index.php?rest_route=%2Fwp%2Fv2%2Fmedia&parent=209374"}],"wp:term":[{"taxonomy":"category","embeddable":true,"href":"https:\/\/archive.sana.sy\/tr\/index.php?rest_route=%2Fwp%2Fv2%2Fcategories&post=209374"},{"taxonomy":"post_tag","embeddable":true,"href":"https:\/\/archive.sana.sy\/tr\/index.php?rest_route=%2Fwp%2Fv2%2Ftags&post=209374"}],"curies":[{"name":"wp","href":"https:\/\/api.w.org\/{rel}","templated":true}]}}