{"id":20938,"date":"2015-01-16T20:44:14","date_gmt":"2015-01-16T18:44:14","guid":{"rendered":"http:\/\/sana.sy\/tr\/?p=20938"},"modified":"2015-01-16T23:05:38","modified_gmt":"2015-01-16T21:05:38","slug":"teror-zulmunden-kacan-onlarca-aile-kurtarildi","status":"publish","type":"post","link":"https:\/\/archive.sana.sy\/tr\/?p=20938","title":{"rendered":"Ter\u00f6r Zulm\u00fcnden Ka\u00e7an Onlarca Aile Kurtar\u0131ld\u0131"},"content":{"rendered":"<p>\u015eAM \u00c7EVRE KENT \u2013 \u015eam K\u0131rsal\u0131n\u0131n Do\u011fu \u011euta b\u00f6lgesinde silahl\u0131 ter\u00f6r gruplar\u0131n\u0131n y\u0131k\u0131m ve zulm\u00fcnden ka\u00e7may\u0131 ba\u015faran 160 vatanda\u015f\u0131m\u0131z kahraman birliklerimizin \u00e7abalar\u0131 ve \u00e7al\u0131\u015fmalar\u0131yla ge\u00e7ici ikame merkezlerine nakledilerek temel ihtiya\u00e7lar\u0131 kar\u015f\u0131land\u0131.<\/p>\n<p><a href=\"http:\/\/sana.sy\/tr\/wp-content\/uploads\/2015\/01\/Aileler-1.jpg\"><img loading=\"lazy\" decoding=\"async\" class=\"alignright wp-image-20939 size-medium\" src=\"http:\/\/sana.sy\/tr\/wp-content\/uploads\/2015\/01\/Aileler-1-300x160.jpg\" alt=\"Aileler 1\" width=\"300\" height=\"160\" srcset=\"https:\/\/archive.sana.sy\/tr\/wp-content\/uploads\/2015\/01\/Aileler-1-300x160.jpg 300w, https:\/\/archive.sana.sy\/tr\/wp-content\/uploads\/2015\/01\/Aileler-1-150x80.jpg 150w, https:\/\/archive.sana.sy\/tr\/wp-content\/uploads\/2015\/01\/Aileler-1.jpg 620w\" sizes=\"auto, (max-width: 300px) 100vw, 300px\" \/><\/a>Kurtar\u0131lmalar\u0131nda oynad\u0131\u011f\u0131 rol nedeniyle kahraman ordu birliklerimize duyduklar\u0131 minnet ve takdiri ifade eden vatanda\u015flar\u0131m\u0131z, vatan koruyucusu kahraman birliklerimiz ter\u00f6r, zul\u00fcm ve karanl\u0131k d\u00fc\u015f\u00fcncelere kar\u015f\u0131 en g\u00fcvenli s\u0131\u011f\u0131nak oldu\u011funu belirttiler.<\/p>\n<p>Ter\u00f6r zulm\u00fcnden ka\u00e7an ve kurtar\u0131lan kad\u0131nlardan biri yorgun ve kederli y\u00fcz ifadesiyle ter\u00f6r zulm\u00fc alt\u0131nda ya\u015fad\u0131\u011f\u0131 zor g\u00fcnleri anlatt\u0131ktan sonra kahraman birliklerimize s\u0131\u011f\u0131nd\u0131ktan sonra kendini g\u00fcvende hissetmeye ba\u015flad\u0131\u011f\u0131n\u0131 belirtti.<\/p>\n<p><a href=\"http:\/\/sana.sy\/tr\/wp-content\/uploads\/2015\/01\/Aileler-2.jpg\"><img loading=\"lazy\" decoding=\"async\" class=\"alignright wp-image-20941 size-medium\" src=\"http:\/\/sana.sy\/tr\/wp-content\/uploads\/2015\/01\/Aileler-2-300x160.jpg\" alt=\"Aileler 2\" width=\"300\" height=\"160\" srcset=\"https:\/\/archive.sana.sy\/tr\/wp-content\/uploads\/2015\/01\/Aileler-2-300x160.jpg 300w, https:\/\/archive.sana.sy\/tr\/wp-content\/uploads\/2015\/01\/Aileler-2-150x80.jpg 150w, https:\/\/archive.sana.sy\/tr\/wp-content\/uploads\/2015\/01\/Aileler-2.jpg 620w\" sizes=\"auto, (max-width: 300px) 100vw, 300px\" \/><\/a>Bilinece\u011fi gibi Do\u011fu \u011euta b\u00f6lgesinde ba\u015fta \u201c\u0130slam Ordusu\u201d ve \u201c\u00dcmmet Ordusu\u201d olmak \u00fczere bir\u00e7ok ter\u00f6r grubu d\u0131\u015f \u00fclkelerden ald\u0131klar\u0131 lojistik ve siyasi yard\u0131mla yay\u0131lmaya devam etmekle birlikte b\u00f6lgede ya\u015fayan halka kar\u015f\u0131 zul\u00fcm ve vah\u015fet uyguluyor.<\/p>\n<p>&nbsp;<\/p>\n<p>F. Berrak<\/p>\n","protected":false},"excerpt":{"rendered":"<p>\u015eAM \u00c7EVRE KENT \u2013 \u015eam K\u0131rsal\u0131n\u0131n Do\u011fu \u011euta b\u00f6lgesinde silahl\u0131 ter\u00f6r gruplar\u0131n\u0131n y\u0131k\u0131m ve zulm\u00fcnden ka\u00e7may\u0131 ba\u015faran 160 vatanda\u015f\u0131m\u0131z kahraman birliklerimizin \u00e7abalar\u0131 ve \u00e7al\u0131\u015fmalar\u0131yla ge\u00e7ici ikame merkezlerine nakledilerek temel ihtiya\u00e7lar\u0131 kar\u015f\u0131land\u0131. Kurtar\u0131lmalar\u0131nda oynad\u0131\u011f\u0131 rol nedeniyle kahraman ordu birliklerimize duyduklar\u0131 minnet ve takdiri ifade eden vatanda\u015flar\u0131m\u0131z, vatan koruyucusu kahraman birliklerimiz ter\u00f6r, zul\u00fcm ve karanl\u0131k d\u00fc\u015f\u00fcncelere kar\u015f\u0131 &hellip;<\/p>\n","protected":false},"author":1,"featured_media":20940,"comment_status":"closed","ping_status":"closed","sticky":false,"template":"","format":"standard","meta":{"footnotes":""},"categories":[479,575,478],"tags":[10138,10139,10140],"class_list":["post-20938","post","type-post","status-publish","format-standard","has-post-thumbnail","","category-haberler-yerel","category-olaylar-ve-gercekler","category-yerel","tag-teror-zulmunden-kacan-onlarca-aile-kurtarildi-sam-cevre-kent-sam-kirsalinin-dogu-guta-bolgesinde-silahli-teror-gruplarinin-yikim-ve-zulmunden-kacmayi-basaran-160-vatandasimiz-kahraman-birlik","tag-vatan-koruyucusu-kahraman-birliklerimiz-teror","tag-zulum-ve-karanlik-dusuncelere-karsi-en-guvenli-siginak-oldugunu-belirttiler-teror-zulmunden-kacan-ve-kurtarilan-kadinlardan-biri-yorgun-ve-kederli-yuz-ifadesiyle-teror-zulmu-altinda-yasadigi-zor-gunl"],"_links":{"self":[{"href":"https:\/\/archive.sana.sy\/tr\/index.php?rest_route=\/wp\/v2\/posts\/20938","targetHints":{"allow":["GET"]}}],"collection":[{"href":"https:\/\/archive.sana.sy\/tr\/index.php?rest_route=\/wp\/v2\/posts"}],"about":[{"href":"https:\/\/archive.sana.sy\/tr\/index.php?rest_route=\/wp\/v2\/types\/post"}],"author":[{"embeddable":true,"href":"https:\/\/archive.sana.sy\/tr\/index.php?rest_route=\/wp\/v2\/users\/1"}],"replies":[{"embeddable":true,"href":"https:\/\/archive.sana.sy\/tr\/index.php?rest_route=%2Fwp%2Fv2%2Fcomments&post=20938"}],"version-history":[{"count":0,"href":"https:\/\/archive.sana.sy\/tr\/index.php?rest_route=\/wp\/v2\/posts\/20938\/revisions"}],"wp:featuredmedia":[{"embeddable":true,"href":"https:\/\/archive.sana.sy\/tr\/index.php?rest_route=\/wp\/v2\/media\/20940"}],"wp:attachment":[{"href":"https:\/\/archive.sana.sy\/tr\/index.php?rest_route=%2Fwp%2Fv2%2Fmedia&parent=20938"}],"wp:term":[{"taxonomy":"category","embeddable":true,"href":"https:\/\/archive.sana.sy\/tr\/index.php?rest_route=%2Fwp%2Fv2%2Fcategories&post=20938"},{"taxonomy":"post_tag","embeddable":true,"href":"https:\/\/archive.sana.sy\/tr\/index.php?rest_route=%2Fwp%2Fv2%2Ftags&post=20938"}],"curies":[{"name":"wp","href":"https:\/\/api.w.org\/{rel}","templated":true}]}}