{"id":209383,"date":"2020-05-17T10:49:34","date_gmt":"2020-05-17T07:49:34","guid":{"rendered":"http:\/\/www.sana.sy\/tr\/?p=209383"},"modified":"2020-05-18T08:17:48","modified_gmt":"2020-05-18T05:17:48","slug":"sokaga-cikma-yasagi-nedeniyle-gecen-yilin-ayni-donemine-gore-trafik-kazalari-yuzde-377-azaldi","status":"publish","type":"post","link":"https:\/\/archive.sana.sy\/tr\/?p=209383","title":{"rendered":"Soka\u011fa \u00c7\u0131kma Yasa\u011f\u0131 Nedeniyle Ge\u00e7en Y\u0131l\u0131n Ayn\u0131 D\u00f6nemine G\u00f6re Traf\u0131k Kazalar\u0131 Y\u00fczde 37,7 Azald\u0131"},"content":{"rendered":"<p>\u015eAM \u2013 Korona salg\u0131n\u0131 nedeniyle soka\u011fa \u00e7\u0131kma yasa\u011f\u0131 uyguland\u0131\u011f\u0131nda trafik kazalar\u0131 ge\u00e7en y\u0131l\u0131n ayn\u0131 d\u00f6nemine g\u00f6re y\u00fczde 37,7 azald\u0131.<\/p>\n<p>\u0130\u00e7i\u015fleri Bakanl\u0131\u011f\u0131 \u0130statitiklerine g\u00f6re, ge\u00e7en Nisan Ay\u0131nda meydana gelen kaza say\u0131s\u0131n\u0131n 427\u2019ye ula\u015f\u0131rken, 18 ki\u015finin \u00f6l\u00fcm\u00fc ve 193 ki\u015finin de yaralanmas\u0131na neden oldu\u011funu belirtirken, ge\u00e7en y\u0131l\u0131n Nisan ay\u0131nda keydedilen toplum kaza say\u0131s\u0131n\u0131n 686 kaza, bu kazalarda 53 ki\u015finin \u00f6ld\u00fc\u011f\u00fc, 396 ki\u015finin de yaralanmas\u0131na neden oldu\u011funu vurgulad\u0131.<\/p>\n<p>\u00c7eviri: M.Y\u00a0 S.S<\/p>\n","protected":false},"excerpt":{"rendered":"<p>\u015eAM \u2013 Korona salg\u0131n\u0131 nedeniyle soka\u011fa \u00e7\u0131kma yasa\u011f\u0131 uyguland\u0131\u011f\u0131nda trafik kazalar\u0131 ge\u00e7en y\u0131l\u0131n ayn\u0131 d\u00f6nemine g\u00f6re y\u00fczde 37,7 azald\u0131. \u0130\u00e7i\u015fleri Bakanl\u0131\u011f\u0131 \u0130statitiklerine g\u00f6re, ge\u00e7en Nisan Ay\u0131nda meydana gelen kaza say\u0131s\u0131n\u0131n 427\u2019ye ula\u015f\u0131rken, 18 ki\u015finin \u00f6l\u00fcm\u00fc ve 193 ki\u015finin de yaralanmas\u0131na neden oldu\u011funu belirtirken, ge\u00e7en y\u0131l\u0131n Nisan ay\u0131nda keydedilen toplum kaza say\u0131s\u0131n\u0131n 686 kaza, bu kazalarda &hellip;<\/p>\n","protected":false},"author":36,"featured_media":209384,"comment_status":"closed","ping_status":"closed","sticky":false,"template":"","format":"standard","meta":{"footnotes":""},"categories":[526,479,17988,525,478],"tags":[],"class_list":["post-209383","post","type-post","status-publish","format-standard","has-post-thumbnail","","category-haber-ve-raporlar","category-haberler-yerel","category-son-haberler","category-toplum","category-yerel"],"_links":{"self":[{"href":"https:\/\/archive.sana.sy\/tr\/index.php?rest_route=\/wp\/v2\/posts\/209383","targetHints":{"allow":["GET"]}}],"collection":[{"href":"https:\/\/archive.sana.sy\/tr\/index.php?rest_route=\/wp\/v2\/posts"}],"about":[{"href":"https:\/\/archive.sana.sy\/tr\/index.php?rest_route=\/wp\/v2\/types\/post"}],"author":[{"embeddable":true,"href":"https:\/\/archive.sana.sy\/tr\/index.php?rest_route=\/wp\/v2\/users\/36"}],"replies":[{"embeddable":true,"href":"https:\/\/archive.sana.sy\/tr\/index.php?rest_route=%2Fwp%2Fv2%2Fcomments&post=209383"}],"version-history":[{"count":0,"href":"https:\/\/archive.sana.sy\/tr\/index.php?rest_route=\/wp\/v2\/posts\/209383\/revisions"}],"wp:featuredmedia":[{"embeddable":true,"href":"https:\/\/archive.sana.sy\/tr\/index.php?rest_route=\/wp\/v2\/media\/209384"}],"wp:attachment":[{"href":"https:\/\/archive.sana.sy\/tr\/index.php?rest_route=%2Fwp%2Fv2%2Fmedia&parent=209383"}],"wp:term":[{"taxonomy":"category","embeddable":true,"href":"https:\/\/archive.sana.sy\/tr\/index.php?rest_route=%2Fwp%2Fv2%2Fcategories&post=209383"},{"taxonomy":"post_tag","embeddable":true,"href":"https:\/\/archive.sana.sy\/tr\/index.php?rest_route=%2Fwp%2Fv2%2Ftags&post=209383"}],"curies":[{"name":"wp","href":"https:\/\/api.w.org\/{rel}","templated":true}]}}