{"id":209390,"date":"2020-05-17T13:19:48","date_gmt":"2020-05-17T10:19:48","guid":{"rendered":"http:\/\/www.sana.sy\/tr\/?p=209390"},"modified":"2020-05-18T08:17:55","modified_gmt":"2020-05-18T05:17:55","slug":"seddadide-isgalci-amerikan-ucaklari-termal-balonlar-firlati-200-donum-bugday-tarlasi-yandi","status":"publish","type":"post","link":"https:\/\/archive.sana.sy\/tr\/?p=209390","title":{"rendered":"\u015eeddadi\u2019de \u0130\u015fgalci Amerikan U\u00e7aklar\u0131 Termal Balonlar F\u0131rlat\u0131.. 200 D\u00f6n\u00fcm Bu\u011fday Tarlas\u0131 Yand\u0131"},"content":{"rendered":"<p>HASEKE \u2013 \u0130\u015fgalci Amerkan g\u00fc\u00e7lerinin bir u\u00e7a\u011f\u0131, Haseke \u015fehrinin g\u00fcneyindeki el \u015eeddadi K\u0131rsal\u0131ndaki tar\u0131m arazilerine bir dizi termal balonu atmas\u0131 sonucunda 200 d\u00f6n\u00fcmden fazla bu\u011fday tarlas\u0131 yand\u0131.<\/p>\n<p>B\u00f6lgedeki Yerel Kaynaklar Haseke SANA muhabirine, bu sabah Haseke \u015eehrinin g\u00fcneyinde yer alan el \u015eeddadi k\u0131rsal\u0131ndaki Adle k\u00f6y\u00fcnde, i\u015fgalci Amerikan g\u00fc\u00e7lerine tabi \u201cApa\u00e7i\u201d helikopter u\u00e7a\u011f\u0131n\u0131n yere yak\u0131n u\u00e7arken bir dizi termal balon f\u0131rlatt\u0131\u011f\u0131n\u0131 bunun sonucunda bir dizi yang\u0131n \u00e7\u0131kard\u0131\u011f\u0131n\u0131, 200 d\u00f6n\u00fcmden fazla bu\u011fday ekili alan\u0131 yakt\u0131\u011f\u0131n\u0131 belirtti.<\/p>\n<p>Kaynaklar, i\u015fgalci Amerikan g\u00fc\u00e7leri u\u00e7aklar\u0131n\u0131n b\u00f6lgedeki u\u00e7u\u015flar\u0131 s\u0131ras\u0131nda k\u0131\u015fk\u0131rt\u0131c\u0131 u\u00e7u\u015flar ger\u00e7ekle\u015ftirerek tar\u0131m alanlar\u0131 ve sivillerin evlerine \u00e7ok yakla\u015ft\u0131\u011f\u0131 i\u00e7in ahali aras\u0131nda \u00f6zellikle \u00e7ocuklar aras\u0131nda panik ve korkuya neden oldu\u011funu vurgulad\u0131.<\/p>\n<p>\u00c7eviri: M.Y ve S.S<\/p>\n","protected":false},"excerpt":{"rendered":"<p>HASEKE \u2013 \u0130\u015fgalci Amerkan g\u00fc\u00e7lerinin bir u\u00e7a\u011f\u0131, Haseke \u015fehrinin g\u00fcneyindeki el \u015eeddadi K\u0131rsal\u0131ndaki tar\u0131m arazilerine bir dizi termal balonu atmas\u0131 sonucunda 200 d\u00f6n\u00fcmden fazla bu\u011fday tarlas\u0131 yand\u0131. B\u00f6lgedeki Yerel Kaynaklar Haseke SANA muhabirine, bu sabah Haseke \u015eehrinin g\u00fcneyinde yer alan el \u015eeddadi k\u0131rsal\u0131ndaki Adle k\u00f6y\u00fcnde, i\u015fgalci Amerikan g\u00fc\u00e7lerine tabi \u201cApa\u00e7i\u201d helikopter u\u00e7a\u011f\u0131n\u0131n yere yak\u0131n u\u00e7arken &hellip;<\/p>\n","protected":false},"author":36,"featured_media":209391,"comment_status":"closed","ping_status":"closed","sticky":false,"template":"","format":"standard","meta":{"footnotes":""},"categories":[479,575,17988,478],"tags":[],"class_list":["post-209390","post","type-post","status-publish","format-standard","has-post-thumbnail","","category-haberler-yerel","category-olaylar-ve-gercekler","category-son-haberler","category-yerel"],"_links":{"self":[{"href":"https:\/\/archive.sana.sy\/tr\/index.php?rest_route=\/wp\/v2\/posts\/209390","targetHints":{"allow":["GET"]}}],"collection":[{"href":"https:\/\/archive.sana.sy\/tr\/index.php?rest_route=\/wp\/v2\/posts"}],"about":[{"href":"https:\/\/archive.sana.sy\/tr\/index.php?rest_route=\/wp\/v2\/types\/post"}],"author":[{"embeddable":true,"href":"https:\/\/archive.sana.sy\/tr\/index.php?rest_route=\/wp\/v2\/users\/36"}],"replies":[{"embeddable":true,"href":"https:\/\/archive.sana.sy\/tr\/index.php?rest_route=%2Fwp%2Fv2%2Fcomments&post=209390"}],"version-history":[{"count":0,"href":"https:\/\/archive.sana.sy\/tr\/index.php?rest_route=\/wp\/v2\/posts\/209390\/revisions"}],"wp:featuredmedia":[{"embeddable":true,"href":"https:\/\/archive.sana.sy\/tr\/index.php?rest_route=\/wp\/v2\/media\/209391"}],"wp:attachment":[{"href":"https:\/\/archive.sana.sy\/tr\/index.php?rest_route=%2Fwp%2Fv2%2Fmedia&parent=209390"}],"wp:term":[{"taxonomy":"category","embeddable":true,"href":"https:\/\/archive.sana.sy\/tr\/index.php?rest_route=%2Fwp%2Fv2%2Fcategories&post=209390"},{"taxonomy":"post_tag","embeddable":true,"href":"https:\/\/archive.sana.sy\/tr\/index.php?rest_route=%2Fwp%2Fv2%2Ftags&post=209390"}],"curies":[{"name":"wp","href":"https:\/\/api.w.org\/{rel}","templated":true}]}}