{"id":209393,"date":"2020-05-17T13:24:07","date_gmt":"2020-05-17T10:24:07","guid":{"rendered":"http:\/\/www.sana.sy\/tr\/?p=209393"},"modified":"2020-05-18T08:18:01","modified_gmt":"2020-05-18T05:18:01","slug":"isid-teroristleri-dsg-kontrolundeki-el-hol-hapishanesinden-firar-etti","status":"publish","type":"post","link":"https:\/\/archive.sana.sy\/tr\/?p=209393","title":{"rendered":"I\u015e\u0130D Ter\u00f6ristleri DSG Kontrol\u00fcndeki El Hol Hapishanesinden Firar Etti"},"content":{"rendered":"<p>HASEKE \u2013 Yerel kaynaklar, bug\u00fcn i\u015fgalci Amerikan g\u00fc\u00e7lerinden desteklenen \u201cDSG\u201d gruplar\u0131 taraf\u0131ndan kontrol edilen Haseke k\u0131rsal\u0131n\u0131n do\u011fusundaki El Hol Hapishanesinden bir\u00e7ok \u201cI\u015e\u0130D\u201d ter\u00f6ristinin ka\u00e7t\u0131\u011f\u0131n\u0131 belirtti.<\/p>\n<p>Kaynaklar SANA muhabirine a\u00e7\u0131klamalar\u0131nda, i\u015fgalci Amerikan g\u00fc\u00e7lerinden desteklenen \u201cDSG\u201d gruplar\u0131n\u0131n kontrol\u00fcnde bulunan Haseke k\u0131rsal\u0131n\u0131n do\u011fusundaki El Hol Hapishanesinden bir\u00e7ok \u201cI\u015e\u0130D\u201d ter\u00f6ristinin ka\u00e7may\u0131 ba\u015fard\u0131\u011f\u0131n\u0131 belirterek, \u201cDSG\u201d saflar\u0131 aras\u0131nda alarm durumunun ilan edildi\u011fini ve ka\u00e7an ter\u00f6ristlerin b\u00f6lgede aranmaya ba\u015fland\u0131\u011f\u0131na i\u015faret etti.<\/p>\n<p>\u00c7eviri: M.Y ve S.S<\/p>\n","protected":false},"excerpt":{"rendered":"<p>HASEKE \u2013 Yerel kaynaklar, bug\u00fcn i\u015fgalci Amerikan g\u00fc\u00e7lerinden desteklenen \u201cDSG\u201d gruplar\u0131 taraf\u0131ndan kontrol edilen Haseke k\u0131rsal\u0131n\u0131n do\u011fusundaki El Hol Hapishanesinden bir\u00e7ok \u201cI\u015e\u0130D\u201d ter\u00f6ristinin ka\u00e7t\u0131\u011f\u0131n\u0131 belirtti. Kaynaklar SANA muhabirine a\u00e7\u0131klamalar\u0131nda, i\u015fgalci Amerikan g\u00fc\u00e7lerinden desteklenen \u201cDSG\u201d gruplar\u0131n\u0131n kontrol\u00fcnde bulunan Haseke k\u0131rsal\u0131n\u0131n do\u011fusundaki El Hol Hapishanesinden bir\u00e7ok \u201cI\u015e\u0130D\u201d ter\u00f6ristinin ka\u00e7may\u0131 ba\u015fard\u0131\u011f\u0131n\u0131 belirterek, \u201cDSG\u201d saflar\u0131 aras\u0131nda alarm durumunun ilan &hellip;<\/p>\n","protected":false},"author":36,"featured_media":209394,"comment_status":"closed","ping_status":"closed","sticky":false,"template":"","format":"standard","meta":{"footnotes":""},"categories":[479,575,17988,478],"tags":[],"class_list":["post-209393","post","type-post","status-publish","format-standard","has-post-thumbnail","","category-haberler-yerel","category-olaylar-ve-gercekler","category-son-haberler","category-yerel"],"_links":{"self":[{"href":"https:\/\/archive.sana.sy\/tr\/index.php?rest_route=\/wp\/v2\/posts\/209393","targetHints":{"allow":["GET"]}}],"collection":[{"href":"https:\/\/archive.sana.sy\/tr\/index.php?rest_route=\/wp\/v2\/posts"}],"about":[{"href":"https:\/\/archive.sana.sy\/tr\/index.php?rest_route=\/wp\/v2\/types\/post"}],"author":[{"embeddable":true,"href":"https:\/\/archive.sana.sy\/tr\/index.php?rest_route=\/wp\/v2\/users\/36"}],"replies":[{"embeddable":true,"href":"https:\/\/archive.sana.sy\/tr\/index.php?rest_route=%2Fwp%2Fv2%2Fcomments&post=209393"}],"version-history":[{"count":0,"href":"https:\/\/archive.sana.sy\/tr\/index.php?rest_route=\/wp\/v2\/posts\/209393\/revisions"}],"wp:featuredmedia":[{"embeddable":true,"href":"https:\/\/archive.sana.sy\/tr\/index.php?rest_route=\/wp\/v2\/media\/209394"}],"wp:attachment":[{"href":"https:\/\/archive.sana.sy\/tr\/index.php?rest_route=%2Fwp%2Fv2%2Fmedia&parent=209393"}],"wp:term":[{"taxonomy":"category","embeddable":true,"href":"https:\/\/archive.sana.sy\/tr\/index.php?rest_route=%2Fwp%2Fv2%2Fcategories&post=209393"},{"taxonomy":"post_tag","embeddable":true,"href":"https:\/\/archive.sana.sy\/tr\/index.php?rest_route=%2Fwp%2Fv2%2Ftags&post=209393"}],"curies":[{"name":"wp","href":"https:\/\/api.w.org\/{rel}","templated":true}]}}