{"id":209396,"date":"2020-05-17T13:42:12","date_gmt":"2020-05-17T10:42:12","guid":{"rendered":"http:\/\/www.sana.sy\/tr\/?p=209396"},"modified":"2020-05-18T08:18:08","modified_gmt":"2020-05-18T05:18:08","slug":"idlibde-mayin-patladi-bilanco-1-sehit-1-yarali","status":"publish","type":"post","link":"https:\/\/archive.sana.sy\/tr\/?p=209396","title":{"rendered":"\u0130dlib\u2019de May\u0131n Patlad\u0131 Bilan\u00e7o: 1 \u015eehit 1 Yaral\u0131"},"content":{"rendered":"<p>\u0130DL\u0130B \u2013 \u0130dlib k\u0131rsal\u0131n\u0131n g\u00fcneyindeki el Temania Beldesinde ter\u00f6r gruplar\u0131ndan kalan bir may\u0131n\u0131n patlamas\u0131 sonucunda bir sivil \u015fehit d\u00fc\u015ft\u00fc, bir sivil de yaraland\u0131.<\/p>\n<p>SANA muhabiri, bu sabah erken saatlerde \u0130dlib k\u0131rsal\u0131n\u0131n g\u00fcneyindeki Temania Beldesinde ter\u00f6r gruplar\u0131ndan kalan bir may\u0131n\u0131n patlamas\u0131 sonucunda bir sivilin \u015fehit d\u00fc\u015ft\u00fc\u011f\u00fcn\u00fc bir sivilin de yaraland\u0131\u011f\u0131n\u0131 belirtti.<\/p>\n<p>\u00c7eviri: M.Y ve S.S<\/p>\n","protected":false},"excerpt":{"rendered":"<p>\u0130DL\u0130B \u2013 \u0130dlib k\u0131rsal\u0131n\u0131n g\u00fcneyindeki el Temania Beldesinde ter\u00f6r gruplar\u0131ndan kalan bir may\u0131n\u0131n patlamas\u0131 sonucunda bir sivil \u015fehit d\u00fc\u015ft\u00fc, bir sivil de yaraland\u0131. SANA muhabiri, bu sabah erken saatlerde \u0130dlib k\u0131rsal\u0131n\u0131n g\u00fcneyindeki Temania Beldesinde ter\u00f6r gruplar\u0131ndan kalan bir may\u0131n\u0131n patlamas\u0131 sonucunda bir sivilin \u015fehit d\u00fc\u015ft\u00fc\u011f\u00fcn\u00fc bir sivilin de yaraland\u0131\u011f\u0131n\u0131 belirtti. \u00c7eviri: M.Y ve S.S<\/p>\n","protected":false},"author":36,"featured_media":209397,"comment_status":"closed","ping_status":"closed","sticky":false,"template":"","format":"standard","meta":{"footnotes":""},"categories":[479,575,17988,478],"tags":[],"class_list":["post-209396","post","type-post","status-publish","format-standard","has-post-thumbnail","","category-haberler-yerel","category-olaylar-ve-gercekler","category-son-haberler","category-yerel"],"_links":{"self":[{"href":"https:\/\/archive.sana.sy\/tr\/index.php?rest_route=\/wp\/v2\/posts\/209396","targetHints":{"allow":["GET"]}}],"collection":[{"href":"https:\/\/archive.sana.sy\/tr\/index.php?rest_route=\/wp\/v2\/posts"}],"about":[{"href":"https:\/\/archive.sana.sy\/tr\/index.php?rest_route=\/wp\/v2\/types\/post"}],"author":[{"embeddable":true,"href":"https:\/\/archive.sana.sy\/tr\/index.php?rest_route=\/wp\/v2\/users\/36"}],"replies":[{"embeddable":true,"href":"https:\/\/archive.sana.sy\/tr\/index.php?rest_route=%2Fwp%2Fv2%2Fcomments&post=209396"}],"version-history":[{"count":0,"href":"https:\/\/archive.sana.sy\/tr\/index.php?rest_route=\/wp\/v2\/posts\/209396\/revisions"}],"wp:featuredmedia":[{"embeddable":true,"href":"https:\/\/archive.sana.sy\/tr\/index.php?rest_route=\/wp\/v2\/media\/209397"}],"wp:attachment":[{"href":"https:\/\/archive.sana.sy\/tr\/index.php?rest_route=%2Fwp%2Fv2%2Fmedia&parent=209396"}],"wp:term":[{"taxonomy":"category","embeddable":true,"href":"https:\/\/archive.sana.sy\/tr\/index.php?rest_route=%2Fwp%2Fv2%2Fcategories&post=209396"},{"taxonomy":"post_tag","embeddable":true,"href":"https:\/\/archive.sana.sy\/tr\/index.php?rest_route=%2Fwp%2Fv2%2Ftags&post=209396"}],"curies":[{"name":"wp","href":"https:\/\/api.w.org\/{rel}","templated":true}]}}