{"id":209399,"date":"2020-05-17T13:44:00","date_gmt":"2020-05-17T10:44:00","guid":{"rendered":"http:\/\/www.sana.sy\/tr\/?p=209399"},"modified":"2020-05-18T08:18:10","modified_gmt":"2020-05-18T05:18:10","slug":"haseke-tel-temr-nahiyesine-bagli-10-koy-elektrige-yeniden-kavustu","status":"publish","type":"post","link":"https:\/\/archive.sana.sy\/tr\/?p=209399","title":{"rendered":"Haseke Tel Temr Nahiyesine Ba\u011fl\u0131 10 K\u00f6y Elektri\u011fe Yeniden Kavu\u015ftu"},"content":{"rendered":"<p>HASEKE \u2013 Haseke Elektrik Genel Kurumuna ba\u011fl\u0131 onar\u0131m at\u00f6lyeleri, Haseke kuzey k\u0131rsal\u0131 Tel Temr Nahiyesine ba\u011fl\u0131 baz\u0131 k\u00f6ylerde, b\u00f6lgede i\u015fgalci T\u00fcrk sald\u0131r\u0131lar\u0131 sonucunda \u015febeke ve istasyonlar\u0131n maruz kald\u0131\u011f\u0131 zararlar\u0131 onarmalar\u0131 ard\u0131ndan yeniden elektri\u011fe kavu\u015ftu.<\/p>\n<p>\u015eirket M\u00fcd\u00fcr\u00fc m\u00fch. Enver Akleh SANA muhabirine verdi\u011fi deme\u00e7te, onar\u0131m at\u00f6lyelerinin zor b\u00f6lge ko\u015fullar\u0131 ve i\u015fgalci T\u00fcrk kuvvetlerinin tekrarlana gelen sald\u0131r\u0131lar\u0131na ra\u011fmen hizmet d\u0131\u015f\u0131 kalan elektrik hizmetini sa\u011flamay\u0131 ba\u015fard\u0131klar\u0131n\u0131 a\u00e7\u0131klad\u0131.<\/p>\n<p>Akleh, onar\u0131m at\u00f6lyelerinin geriye kalan k\u00f6ylere elektrik sa\u011flamak i\u00e7in hala onar\u0131m i\u015flerini s\u00fcrd\u00fcrd\u00fc\u011f\u00fcn\u00fc bu k\u00f6ylerin de i\u015fgalci kuvvetlerletemas noktas\u0131ndaki k\u00f6ylerde oldu\u011funa i\u015faret etti.<\/p>\n","protected":false},"excerpt":{"rendered":"<p>HASEKE \u2013 Haseke Elektrik Genel Kurumuna ba\u011fl\u0131 onar\u0131m at\u00f6lyeleri, Haseke kuzey k\u0131rsal\u0131 Tel Temr Nahiyesine ba\u011fl\u0131 baz\u0131 k\u00f6ylerde, b\u00f6lgede i\u015fgalci T\u00fcrk sald\u0131r\u0131lar\u0131 sonucunda \u015febeke ve istasyonlar\u0131n maruz kald\u0131\u011f\u0131 zararlar\u0131 onarmalar\u0131 ard\u0131ndan yeniden elektri\u011fe kavu\u015ftu. \u015eirket M\u00fcd\u00fcr\u00fc m\u00fch. Enver Akleh SANA muhabirine verdi\u011fi deme\u00e7te, onar\u0131m at\u00f6lyelerinin zor b\u00f6lge ko\u015fullar\u0131 ve i\u015fgalci T\u00fcrk kuvvetlerinin tekrarlana gelen sald\u0131r\u0131lar\u0131na &hellip;<\/p>\n","protected":false},"author":1,"featured_media":209400,"comment_status":"closed","ping_status":"closed","sticky":false,"template":"","format":"standard","meta":{"footnotes":""},"categories":[479,17988,2554,2555,478],"tags":[],"class_list":["post-209399","post","type-post","status-publish","format-standard","has-post-thumbnail","","category-haberler-yerel","category-son-haberler","category-suriye-ve-dunya","category-suriye-ve-turkiye","category-yerel"],"_links":{"self":[{"href":"https:\/\/archive.sana.sy\/tr\/index.php?rest_route=\/wp\/v2\/posts\/209399","targetHints":{"allow":["GET"]}}],"collection":[{"href":"https:\/\/archive.sana.sy\/tr\/index.php?rest_route=\/wp\/v2\/posts"}],"about":[{"href":"https:\/\/archive.sana.sy\/tr\/index.php?rest_route=\/wp\/v2\/types\/post"}],"author":[{"embeddable":true,"href":"https:\/\/archive.sana.sy\/tr\/index.php?rest_route=\/wp\/v2\/users\/1"}],"replies":[{"embeddable":true,"href":"https:\/\/archive.sana.sy\/tr\/index.php?rest_route=%2Fwp%2Fv2%2Fcomments&post=209399"}],"version-history":[{"count":0,"href":"https:\/\/archive.sana.sy\/tr\/index.php?rest_route=\/wp\/v2\/posts\/209399\/revisions"}],"wp:featuredmedia":[{"embeddable":true,"href":"https:\/\/archive.sana.sy\/tr\/index.php?rest_route=\/wp\/v2\/media\/209400"}],"wp:attachment":[{"href":"https:\/\/archive.sana.sy\/tr\/index.php?rest_route=%2Fwp%2Fv2%2Fmedia&parent=209399"}],"wp:term":[{"taxonomy":"category","embeddable":true,"href":"https:\/\/archive.sana.sy\/tr\/index.php?rest_route=%2Fwp%2Fv2%2Fcategories&post=209399"},{"taxonomy":"post_tag","embeddable":true,"href":"https:\/\/archive.sana.sy\/tr\/index.php?rest_route=%2Fwp%2Fv2%2Ftags&post=209399"}],"curies":[{"name":"wp","href":"https:\/\/api.w.org\/{rel}","templated":true}]}}