{"id":209402,"date":"2020-05-17T21:01:16","date_gmt":"2020-05-17T18:01:16","guid":{"rendered":"http:\/\/www.sana.sy\/tr\/?p=209402"},"modified":"2020-05-19T12:14:06","modified_gmt":"2020-05-19T09:14:06","slug":"tarim-sanayi-ve-dis-ticarette-ekonomik-kalkinma-icin-yeni-icraatlar","status":"publish","type":"post","link":"https:\/\/archive.sana.sy\/tr\/?p=209402","title":{"rendered":"Tar\u0131m, Sanayi ve D\u0131\u015f Ticarette Ekonomik Kalk\u0131nma \u0130\u00e7in Yeni \u0130craatlar"},"content":{"rendered":"<p style=\"text-align: justify;\">\u015eAM \u2013 Bakanlar Kurulu bug\u00fcn korona salg\u0131n\u0131na hitap etmenin bir sonucu olarak, Bat\u0131l\u0131 \u00fclkeler taraf\u0131ndan uygulanan tek tarafl\u0131 ekonomik \u00f6nlemlerin Suriye \u00fczerindeki etkisinin \u00fcstesinden gelme plan\u0131 \u00e7er\u00e7evesinde yerel ve uluslararas\u0131 ekonomik ve sosyal de\u011fi\u015fimler \u0131\u015f\u0131\u011f\u0131nda, tar\u0131m, sanayi ve d\u0131\u015f ticaret sekt\u00f6rlerinde ekonomik kalk\u0131nmay\u0131 desteklemek, &#8220;kendi zat\u0131na itimat etmek&#8221;, yerel olarak \u00fcretilmeyen temel maddelerin ithal edilmesini \u00f6ng\u00f6renyeni icraatlar kararla\u015ft\u0131rd\u0131.<\/p>\n<p style=\"text-align: justify;\"><a href=\"http:\/\/www.sana.sy\/tr\/wp-content\/uploads\/2020\/05\/2-3.jpg\"><img loading=\"lazy\" decoding=\"async\" class=\"size-medium wp-image-209404 alignright\" src=\"http:\/\/www.sana.sy\/tr\/wp-content\/uploads\/2020\/05\/2-3-300x168.jpg\" alt=\"\" width=\"300\" height=\"168\" srcset=\"https:\/\/archive.sana.sy\/tr\/wp-content\/uploads\/2020\/05\/2-3-300x168.jpg 300w, https:\/\/archive.sana.sy\/tr\/wp-content\/uploads\/2020\/05\/2-3-150x84.jpg 150w, https:\/\/archive.sana.sy\/tr\/wp-content\/uploads\/2020\/05\/2-3.jpg 660w\" sizes=\"auto, (max-width: 300px) 100vw, 300px\" \/><\/a><\/p>\n<p style=\"text-align: justify;\">Bakanlar Kurulu Ba\u015fbakan \u0130mad Hamis ba\u015fkanl\u0131\u011f\u0131nda bug\u00fcn d\u00fczenlenen haftal\u0131k oturumunda, \u00f6zel sekt\u00f6r\u00fcn g\u00fcbre ithal etmesine izin verilmesine, Yem Genel Kurumu&#8217;nun yem ithal etmesi ve tavuk i\u015fletme m\u00fcesseselerine da\u011f\u0131tmas\u0131na izin vermesiyle, soya k\u00fcspesi ve sar\u0131 m\u0131s\u0131r\u0131n g\u00fcmr\u00fck vergilerinin %50 oran\u0131nda indirilmesi ve di\u011fer vergilerden muaf tutmay\u0131 \u00f6ng\u00f6ren karar tasar\u0131s\u0131n\u0131 ele almak ve tar\u0131m tarkt\u00f6rleri say\u0131s\u0131n\u0131n 1000&#8217;den 5 b\u015fne \u00e7\u0131kar\u0131larak \u00e7ift\u00e7ilere taksitle verilmesi kararla\u015ft\u0131r\u0131ld\u0131.<\/p>\n<p style=\"text-align: justify;\">Bakanlar Kurulu k\u0131rsal kad\u0131n\u0131n desteklenmesi program\u0131n\u0131 s\u00fcrd\u00fcrmek, aile tar\u0131m\u0131n yayman\u0131n te\u015fvik edilmesi ve 2020-2023 y\u0131llar\u0131 aras\u0131ndaki d\u00f6nem esnas\u0131nda patates tohumu \u00fcretimi i\u00e7in gerekli kredilerin verilmesi i\u00e7in i\u00e7in 1,5 milyar Suriye Liras\u0131 tahsis edildi.<\/p>\n<p style=\"text-align: justify;\">Sanayi sekt\u00f6r\u00fcnde ise Kabine, kamu sekt\u00f6r\u00fc \u00fcr\u00fcnlerinin maliyetini y\u00fczde 15 ve piyasa fiyat\u0131ndan daha d\u00fc\u015f\u00fck bir fiyatla pazarlamaya y\u00f6nelik acil acil \u00f6nlemler almaya karar verirken, sanayi ve zanaatkar odalar\u0131 federasyonlar\u0131na, &#8220;\u00fcretken, end\u00fcstriyel, aile ve k\u0131rsal&#8221; \u00fcretim birimleri a\u00e7arak do\u011frudan \u00fcreticiden t\u00fcketiciye ve yatay geni\u015flemeye mal teslim etmek amac\u0131yla &#8220;halk pazarlar\u0131&#8221; kurma g\u00f6revini verdi.<\/p>\n<p style=\"text-align: justify;\"><a href=\"http:\/\/www.sana.sy\/tr\/wp-content\/uploads\/2020\/05\/3.jpg\"><img loading=\"lazy\" decoding=\"async\" class=\"size-medium wp-image-209405 alignright\" src=\"http:\/\/www.sana.sy\/tr\/wp-content\/uploads\/2020\/05\/3-300x168.jpg\" alt=\"\" width=\"300\" height=\"168\" srcset=\"https:\/\/archive.sana.sy\/tr\/wp-content\/uploads\/2020\/05\/3-300x168.jpg 300w, https:\/\/archive.sana.sy\/tr\/wp-content\/uploads\/2020\/05\/3-150x84.jpg 150w, https:\/\/archive.sana.sy\/tr\/wp-content\/uploads\/2020\/05\/3.jpg 660w\" sizes=\"auto, (max-width: 300px) 100vw, 300px\" \/><\/a><\/p>\n<p style=\"text-align: justify;\">Sanayi Bakanl\u0131\u011f\u0131, \u015fehirlerde ve sanayi b\u00f6lgelerinde \u015firket ve fabrika \u00fcretimini art\u0131rmak ve sanayi ve zanaatkar odalar\u0131 federasyonlar\u0131n\u0131n \u00e7al\u0131\u015fmalar\u0131n\u0131 geli\u015ftirmekle g\u00f6revlendirildi, \u00e7ift\u00e7ilerle ortakla\u015fa tar\u0131msal sanayile\u015fmenin art\u0131r\u0131lmas\u0131na, tar\u0131msal ve sanayi projelerinin ihtiya\u00e7lar\u0131n\u0131n vergilerden ve \u00fccretlerden muaf tutulmas\u0131n\u0131n yan\u0131 s\u0131ra, \u015fehirler, sanayi ve el sanatlar\u0131 alanlar\u0131 i\u00e7in elektri\u011fin 24 saat g\u00fcvence alt\u0131na al\u0131nmas\u0131na karar verildi.<\/p>\n<p style=\"text-align: justify;\">Kabine ayr\u0131ca, sosyal fonlar\u0131n i\u015fg\u00fcc\u00fc piyasas\u0131na girme f\u0131rsatlar\u0131n\u0131 artt\u0131rmak i\u00e7in Ulusal Yard\u0131m Fonu ve Kredi Riski Garanti Anonim \u015eirketinin garantisi ile bankalar ve &#8220;mikrofinans kurumlar\u0131&#8221; arac\u0131l\u0131\u011f\u0131yla bilim hizmetinden terhis edilenlere kredi verilmesi projesini onaylad\u0131.<\/p>\n<p style=\"text-align: justify;\">Kabine Ekonomi ve D\u0131\u015f Ticaret Bakanl\u0131\u011f\u0131&#8217;na, temel malzemeleri kesintisiz olarak g\u00fcvence alt\u0131na almak i\u00e7in tesisler sa\u011flama, tar\u0131msal ve end\u00fcstriyel \u00fcretim gerekliliklerine ek olarak bu malzemeler i\u00e7in ithalat lisans\u0131 verilmesinin h\u0131zland\u0131r\u0131lmas\u0131 teklifinde bulundu.<\/p>\n<p style=\"text-align: justify;\">Kabine, Petrol Bakanl\u0131\u011f\u0131&#8217;n\u0131n tar\u0131m ve sanayi sekt\u00f6rleri i\u00e7in gereken yak\u0131t miktar\u0131n\u0131 sa\u011flama plan\u0131n\u0131 onaylad\u0131.<\/p>\n","protected":false},"excerpt":{"rendered":"<p>\u015eAM \u2013 Bakanlar Kurulu bug\u00fcn korona salg\u0131n\u0131na hitap etmenin bir sonucu olarak, Bat\u0131l\u0131 \u00fclkeler taraf\u0131ndan uygulanan tek tarafl\u0131 ekonomik \u00f6nlemlerin Suriye \u00fczerindeki etkisinin \u00fcstesinden gelme plan\u0131 \u00e7er\u00e7evesinde yerel ve uluslararas\u0131 ekonomik ve sosyal de\u011fi\u015fimler \u0131\u015f\u0131\u011f\u0131nda, tar\u0131m, sanayi ve d\u0131\u015f ticaret sekt\u00f6rlerinde ekonomik kalk\u0131nmay\u0131 desteklemek, &#8220;kendi zat\u0131na itimat etmek&#8221;, yerel olarak \u00fcretilmeyen temel maddelerin ithal edilmesini &hellip;<\/p>\n","protected":false},"author":1,"featured_media":209403,"comment_status":"closed","ping_status":"closed","sticky":false,"template":"","format":"standard","meta":{"footnotes":""},"categories":[485,486,479,17988,478],"tags":[],"class_list":["post-209402","post","type-post","status-publish","format-standard","has-post-thumbnail","","category-is-ve-sermaye","category-haberler-is-ve-sermaye","category-haberler-yerel","category-son-haberler","category-yerel"],"_links":{"self":[{"href":"https:\/\/archive.sana.sy\/tr\/index.php?rest_route=\/wp\/v2\/posts\/209402","targetHints":{"allow":["GET"]}}],"collection":[{"href":"https:\/\/archive.sana.sy\/tr\/index.php?rest_route=\/wp\/v2\/posts"}],"about":[{"href":"https:\/\/archive.sana.sy\/tr\/index.php?rest_route=\/wp\/v2\/types\/post"}],"author":[{"embeddable":true,"href":"https:\/\/archive.sana.sy\/tr\/index.php?rest_route=\/wp\/v2\/users\/1"}],"replies":[{"embeddable":true,"href":"https:\/\/archive.sana.sy\/tr\/index.php?rest_route=%2Fwp%2Fv2%2Fcomments&post=209402"}],"version-history":[{"count":0,"href":"https:\/\/archive.sana.sy\/tr\/index.php?rest_route=\/wp\/v2\/posts\/209402\/revisions"}],"wp:featuredmedia":[{"embeddable":true,"href":"https:\/\/archive.sana.sy\/tr\/index.php?rest_route=\/wp\/v2\/media\/209403"}],"wp:attachment":[{"href":"https:\/\/archive.sana.sy\/tr\/index.php?rest_route=%2Fwp%2Fv2%2Fmedia&parent=209402"}],"wp:term":[{"taxonomy":"category","embeddable":true,"href":"https:\/\/archive.sana.sy\/tr\/index.php?rest_route=%2Fwp%2Fv2%2Fcategories&post=209402"},{"taxonomy":"post_tag","embeddable":true,"href":"https:\/\/archive.sana.sy\/tr\/index.php?rest_route=%2Fwp%2Fv2%2Ftags&post=209402"}],"curies":[{"name":"wp","href":"https:\/\/api.w.org\/{rel}","templated":true}]}}