{"id":209410,"date":"2020-05-17T21:23:22","date_gmt":"2020-05-17T18:23:22","guid":{"rendered":"http:\/\/www.sana.sy\/tr\/?p=209410"},"modified":"2020-05-19T12:15:03","modified_gmt":"2020-05-19T09:15:03","slug":"sam-kirsali-seyyide-zeynep-bolgesine-uygulanan-karantina-kaldirildi","status":"publish","type":"post","link":"https:\/\/archive.sana.sy\/tr\/?p=209410","title":{"rendered":"\u015eam K\u0131rsal\u0131 Seyyide Zeynep B\u00f6lgesine Uygulanan Karantina Kald\u0131r\u0131ld\u0131"},"content":{"rendered":"<p style=\"text-align: justify;\">\u015eAM \u2013 Sa\u011fl\u0131k Bakanl\u0131\u011f\u0131nda d\u00fczenelenen korona vir\u00fcs\u00fcyle ilgili \u00e7ok say\u0131l\u0131 sekt\u00f6r ve uzmanl\u0131k isti\u015fare meclisi \u015eam K\u0131rsal\u0131 Seyyide Zeynep b\u00f6lgesine uygulanan karantinan\u0131n kald\u0131r\u0131lmas\u0131n\u0131 kararla\u015ft\u0131rd\u0131.<\/p>\n<p style=\"text-align: justify;\">Sa\u011fl\u0131k Bakanl\u0131\u011f\u0131 yay\u0131nlad\u0131\u011f\u0131 ve SANA&#8217;n\u0131n bir n\u00fcshas\u0131n\u0131 ald\u0131\u011f\u0131 beyan\u0131nda, isti\u015fare meclisinin Seyyide Zeyneb b\u00f6lgesindeki karantinay\u0131, sa\u011fl\u0131k ve laboratuvar anketini, teyit edilen vakalar ve mahalle ile temas halinde olan n\u00fcfusun t\u0131bbi muayenelerini tamamlad\u0131ktan sonra, 2 May\u0131s&#8217;tan bu yana vir\u00fcsle yeni bir enfeksiyon kaydetmemesi ard\u0131ndan kald\u0131rma karar verdi.<\/p>\n","protected":false},"excerpt":{"rendered":"<p>\u015eAM \u2013 Sa\u011fl\u0131k Bakanl\u0131\u011f\u0131nda d\u00fczenelenen korona vir\u00fcs\u00fcyle ilgili \u00e7ok say\u0131l\u0131 sekt\u00f6r ve uzmanl\u0131k isti\u015fare meclisi \u015eam K\u0131rsal\u0131 Seyyide Zeynep b\u00f6lgesine uygulanan karantinan\u0131n kald\u0131r\u0131lmas\u0131n\u0131 kararla\u015ft\u0131rd\u0131. Sa\u011fl\u0131k Bakanl\u0131\u011f\u0131 yay\u0131nlad\u0131\u011f\u0131 ve SANA&#8217;n\u0131n bir n\u00fcshas\u0131n\u0131 ald\u0131\u011f\u0131 beyan\u0131nda, isti\u015fare meclisinin Seyyide Zeyneb b\u00f6lgesindeki karantinay\u0131, sa\u011fl\u0131k ve laboratuvar anketini, teyit edilen vakalar ve mahalle ile temas halinde olan n\u00fcfusun t\u0131bbi muayenelerini &hellip;<\/p>\n","protected":false},"author":1,"featured_media":209411,"comment_status":"closed","ping_status":"closed","sticky":false,"template":"","format":"standard","meta":{"footnotes":""},"categories":[479,17988,478],"tags":[],"class_list":["post-209410","post","type-post","status-publish","format-standard","has-post-thumbnail","","category-haberler-yerel","category-son-haberler","category-yerel"],"_links":{"self":[{"href":"https:\/\/archive.sana.sy\/tr\/index.php?rest_route=\/wp\/v2\/posts\/209410","targetHints":{"allow":["GET"]}}],"collection":[{"href":"https:\/\/archive.sana.sy\/tr\/index.php?rest_route=\/wp\/v2\/posts"}],"about":[{"href":"https:\/\/archive.sana.sy\/tr\/index.php?rest_route=\/wp\/v2\/types\/post"}],"author":[{"embeddable":true,"href":"https:\/\/archive.sana.sy\/tr\/index.php?rest_route=\/wp\/v2\/users\/1"}],"replies":[{"embeddable":true,"href":"https:\/\/archive.sana.sy\/tr\/index.php?rest_route=%2Fwp%2Fv2%2Fcomments&post=209410"}],"version-history":[{"count":0,"href":"https:\/\/archive.sana.sy\/tr\/index.php?rest_route=\/wp\/v2\/posts\/209410\/revisions"}],"wp:featuredmedia":[{"embeddable":true,"href":"https:\/\/archive.sana.sy\/tr\/index.php?rest_route=\/wp\/v2\/media\/209411"}],"wp:attachment":[{"href":"https:\/\/archive.sana.sy\/tr\/index.php?rest_route=%2Fwp%2Fv2%2Fmedia&parent=209410"}],"wp:term":[{"taxonomy":"category","embeddable":true,"href":"https:\/\/archive.sana.sy\/tr\/index.php?rest_route=%2Fwp%2Fv2%2Fcategories&post=209410"},{"taxonomy":"post_tag","embeddable":true,"href":"https:\/\/archive.sana.sy\/tr\/index.php?rest_route=%2Fwp%2Fv2%2Ftags&post=209410"}],"curies":[{"name":"wp","href":"https:\/\/api.w.org\/{rel}","templated":true}]}}