{"id":209425,"date":"2020-05-17T22:18:30","date_gmt":"2020-05-17T19:18:30","guid":{"rendered":"http:\/\/www.sana.sy\/tr\/?p=209425"},"modified":"2020-05-19T12:15:12","modified_gmt":"2020-05-19T09:15:12","slug":"sb-kuveyt-devletinden-gelenler-arasinda-7-korona-virus-vakasi-tescil-edildi","status":"publish","type":"post","link":"https:\/\/archive.sana.sy\/tr\/?p=209425","title":{"rendered":"SB: K\u00fcveyt Devletinden Gelenler Aras\u0131nda 7 Korona Vir\u00fcs Vakas\u0131 Tescil Edildi"},"content":{"rendered":"<p style=\"text-align: justify;\">\u015eAM \u2013 Sa\u011fl\u0131k Bakanl\u0131\u011f\u0131 bug\u00fcn K\u00fcveyt devletinden gelen vatanda\u015flar aras\u0131nda korona vir\u00fcse yakalanan 7 vakan\u0131n kaydedildi\u011fini b\u00f6ylece Suriye&#8217;de tescil edilen vaka say\u0131s\u0131n\u0131n 58&#8217;e y\u00fckseldi\u011fini ilan etti.<\/p>\n<p style=\"text-align: justify;\">Bakanl\u0131k yay\u0131nlad\u0131\u011f\u0131 ve SANA&#8217;n\u0131n bir n\u00fcshas\u0131n\u0131 ald\u0131\u011f\u0131 beyanda, Suriye&#8217;de korona vir\u00fcs\u00fc tescil edilen vaka say\u0131s\u0131n\u0131n bug\u00fcne kadar 58&#8217;e y\u00fckseldi\u011fini bunlardan 36&#8217;\u0131s\u0131n\u0131n \u015fifa buldu\u011funu ve 3&#8217;\u00fcn\u00fcn vefat ettti\u011fini a\u00e7\u0131klad\u0131.<\/p>\n","protected":false},"excerpt":{"rendered":"<p>\u015eAM \u2013 Sa\u011fl\u0131k Bakanl\u0131\u011f\u0131 bug\u00fcn K\u00fcveyt devletinden gelen vatanda\u015flar aras\u0131nda korona vir\u00fcse yakalanan 7 vakan\u0131n kaydedildi\u011fini b\u00f6ylece Suriye&#8217;de tescil edilen vaka say\u0131s\u0131n\u0131n 58&#8217;e y\u00fckseldi\u011fini ilan etti. Bakanl\u0131k yay\u0131nlad\u0131\u011f\u0131 ve SANA&#8217;n\u0131n bir n\u00fcshas\u0131n\u0131 ald\u0131\u011f\u0131 beyanda, Suriye&#8217;de korona vir\u00fcs\u00fc tescil edilen vaka say\u0131s\u0131n\u0131n bug\u00fcne kadar 58&#8217;e y\u00fckseldi\u011fini bunlardan 36&#8217;\u0131s\u0131n\u0131n \u015fifa buldu\u011funu ve 3&#8217;\u00fcn\u00fcn vefat ettti\u011fini a\u00e7\u0131klad\u0131.<\/p>\n","protected":false},"author":1,"featured_media":209426,"comment_status":"closed","ping_status":"closed","sticky":false,"template":"","format":"standard","meta":{"footnotes":""},"categories":[526,479,17988,525,478],"tags":[],"class_list":["post-209425","post","type-post","status-publish","format-standard","has-post-thumbnail","","category-haber-ve-raporlar","category-haberler-yerel","category-son-haberler","category-toplum","category-yerel"],"_links":{"self":[{"href":"https:\/\/archive.sana.sy\/tr\/index.php?rest_route=\/wp\/v2\/posts\/209425","targetHints":{"allow":["GET"]}}],"collection":[{"href":"https:\/\/archive.sana.sy\/tr\/index.php?rest_route=\/wp\/v2\/posts"}],"about":[{"href":"https:\/\/archive.sana.sy\/tr\/index.php?rest_route=\/wp\/v2\/types\/post"}],"author":[{"embeddable":true,"href":"https:\/\/archive.sana.sy\/tr\/index.php?rest_route=\/wp\/v2\/users\/1"}],"replies":[{"embeddable":true,"href":"https:\/\/archive.sana.sy\/tr\/index.php?rest_route=%2Fwp%2Fv2%2Fcomments&post=209425"}],"version-history":[{"count":0,"href":"https:\/\/archive.sana.sy\/tr\/index.php?rest_route=\/wp\/v2\/posts\/209425\/revisions"}],"wp:featuredmedia":[{"embeddable":true,"href":"https:\/\/archive.sana.sy\/tr\/index.php?rest_route=\/wp\/v2\/media\/209426"}],"wp:attachment":[{"href":"https:\/\/archive.sana.sy\/tr\/index.php?rest_route=%2Fwp%2Fv2%2Fmedia&parent=209425"}],"wp:term":[{"taxonomy":"category","embeddable":true,"href":"https:\/\/archive.sana.sy\/tr\/index.php?rest_route=%2Fwp%2Fv2%2Fcategories&post=209425"},{"taxonomy":"post_tag","embeddable":true,"href":"https:\/\/archive.sana.sy\/tr\/index.php?rest_route=%2Fwp%2Fv2%2Ftags&post=209425"}],"curies":[{"name":"wp","href":"https:\/\/api.w.org\/{rel}","templated":true}]}}