{"id":209432,"date":"2020-05-18T00:19:50","date_gmt":"2020-05-17T21:19:50","guid":{"rendered":"http:\/\/www.sana.sy\/tr\/?p=209432"},"modified":"2020-05-19T12:15:25","modified_gmt":"2020-05-19T09:15:25","slug":"209432","status":"publish","type":"post","link":"https:\/\/archive.sana.sy\/tr\/?p=209432","title":{"rendered":"Haseke K\u0131rsal\u0131n\u0131n Deyr \u011e\u0131s\u0131n K\u00f6y\u00fcnde T\u00fcrk \u0130\u015fgal G\u00fc\u00e7leri Ate\u015fiyle 1 Sivil \u015eehit Oldu"},"content":{"rendered":"<p>HASEKE &#8211; Haseke\u2019nin kuzeybat\u0131 k\u0131rsal\u0131na d\u00fc\u015fen Rasul Ayn bat\u0131s\u0131nda T\u00fcrk i\u015fgal g\u00fc\u00e7leri ve paral\u0131 ter\u00f6ristlerinin bir sivil araca a\u00e7t\u0131klar\u0131 ate\u015f sonucunda 1 sivil \u015fehit 1 sivil yaral\u0131 olduktan 24 saat sonar, Haseke k\u0131rsal\u0131n\u0131n Deyr \u011e\u0131s\u0131n k\u00f6y\u00fcnde T\u00fcrk i\u015fgal g\u00fc\u00e7leri ate\u015fiyle 1 sivil \u015fehit daha d\u00fc\u015ft\u00fc.<\/p>\n<p>SANA\u2019n\u0131n Haseke muhabirimize a\u00e7\u0131klamada bulunan yerek kaynaklar, bat\u0131s\u0131nda T\u00fcrk i\u015fgal g\u00fc\u00e7lerinin tarlalar\u0131nda \u00e7al\u0131\u015fmalar\u0131 s\u0131ras\u0131nda Deyr \u011e\u0131s\u0131n k\u00f6y\u00fc ahalilerine do\u011fru ate\u015f a\u00e7t\u0131klar\u0131n\u0131 a\u00e7\u0131klad\u0131.<\/p>\n<p>T\u00fcrkiye s\u0131n\u0131rlar\u0131na yak\u0131n s\u00f6zkonusu k\u00f6y\u00fcn ahalilerinin biri \u015fehit d\u00fc\u015ft\u00fc.<\/p>\n<p>&nbsp;<\/p>\n","protected":false},"excerpt":{"rendered":"<p>HASEKE &#8211; Haseke\u2019nin kuzeybat\u0131 k\u0131rsal\u0131na d\u00fc\u015fen Rasul Ayn bat\u0131s\u0131nda T\u00fcrk i\u015fgal g\u00fc\u00e7leri ve paral\u0131 ter\u00f6ristlerinin bir sivil araca a\u00e7t\u0131klar\u0131 ate\u015f sonucunda 1 sivil \u015fehit 1 sivil yaral\u0131 olduktan 24 saat sonar, Haseke k\u0131rsal\u0131n\u0131n Deyr \u011e\u0131s\u0131n k\u00f6y\u00fcnde T\u00fcrk i\u015fgal g\u00fc\u00e7leri ate\u015fiyle 1 sivil \u015fehit daha d\u00fc\u015ft\u00fc. SANA\u2019n\u0131n Haseke muhabirimize a\u00e7\u0131klamada bulunan yerek kaynaklar, bat\u0131s\u0131nda T\u00fcrk i\u015fgal &hellip;<\/p>\n","protected":false},"author":1,"featured_media":209433,"comment_status":"closed","ping_status":"closed","sticky":false,"template":"","format":"standard","meta":{"footnotes":""},"categories":[479,575,17988,2554,2555,478],"tags":[],"class_list":["post-209432","post","type-post","status-publish","format-standard","has-post-thumbnail","","category-haberler-yerel","category-olaylar-ve-gercekler","category-son-haberler","category-suriye-ve-dunya","category-suriye-ve-turkiye","category-yerel"],"_links":{"self":[{"href":"https:\/\/archive.sana.sy\/tr\/index.php?rest_route=\/wp\/v2\/posts\/209432","targetHints":{"allow":["GET"]}}],"collection":[{"href":"https:\/\/archive.sana.sy\/tr\/index.php?rest_route=\/wp\/v2\/posts"}],"about":[{"href":"https:\/\/archive.sana.sy\/tr\/index.php?rest_route=\/wp\/v2\/types\/post"}],"author":[{"embeddable":true,"href":"https:\/\/archive.sana.sy\/tr\/index.php?rest_route=\/wp\/v2\/users\/1"}],"replies":[{"embeddable":true,"href":"https:\/\/archive.sana.sy\/tr\/index.php?rest_route=%2Fwp%2Fv2%2Fcomments&post=209432"}],"version-history":[{"count":0,"href":"https:\/\/archive.sana.sy\/tr\/index.php?rest_route=\/wp\/v2\/posts\/209432\/revisions"}],"wp:featuredmedia":[{"embeddable":true,"href":"https:\/\/archive.sana.sy\/tr\/index.php?rest_route=\/wp\/v2\/media\/209433"}],"wp:attachment":[{"href":"https:\/\/archive.sana.sy\/tr\/index.php?rest_route=%2Fwp%2Fv2%2Fmedia&parent=209432"}],"wp:term":[{"taxonomy":"category","embeddable":true,"href":"https:\/\/archive.sana.sy\/tr\/index.php?rest_route=%2Fwp%2Fv2%2Fcategories&post=209432"},{"taxonomy":"post_tag","embeddable":true,"href":"https:\/\/archive.sana.sy\/tr\/index.php?rest_route=%2Fwp%2Fv2%2Ftags&post=209432"}],"curies":[{"name":"wp","href":"https:\/\/api.w.org\/{rel}","templated":true}]}}