{"id":209437,"date":"2020-05-18T00:45:37","date_gmt":"2020-05-17T21:45:37","guid":{"rendered":"http:\/\/www.sana.sy\/tr\/?p=209437"},"modified":"2020-05-19T12:15:32","modified_gmt":"2020-05-19T09:15:32","slug":"abdullahyan-suriye-ile-iran-arasindaki-iliskiler-stratejiktir","status":"publish","type":"post","link":"https:\/\/archive.sana.sy\/tr\/?p=209437","title":{"rendered":"Abdullahyan, Suriye \u0130le \u0130ran Aras\u0131ndaki \u0130li\u015fkiler Stratejiktir"},"content":{"rendered":"<p>TAHRAN \u2013 \u0130ran \u0130slam \u015eura Meclis Ba\u015fkan\u0131\u2019n\u0131n uluslararas\u0131 ili\u015fkiler \u00f6zel yard\u0131mc\u0131s\u0131 H\u00fcseyn Emir Abdullahyan, \u00fclkesinin Suriye ile ili\u015fkisinin stratejik oldu\u011funu belirterek iki \u00fclkenin ter\u00f6rle m\u00fccadele konusundaki i\u015fbirli\u011finin \u00f6nemine de\u011findi.<\/p>\n<p>Abdullahyan El Alem Haber TV\u2019ye verdi\u011fi demecinde Suriye\u2019nin direncinin Amerikan planlar\u0131n\u0131n bozdu\u011funu belirterek Suriye Arap Ordusu\u2019nun m\u00fcttefiki ve arkada\u015flar\u0131n\u0131n deste\u011finde ter\u00f6re kar\u015f\u0131 kaydetti\u011fi zafere dikkat \u00e7ekti.<\/p>\n<p>Suriye\u2019nin daveti \u00fczerine \u0130ranl\u0131 dan\u0131\u015fmanlar\u0131n bulundu\u011funu belirten Abudllahyan, Suriye h\u00fck\u00fcmetinin istedi\u011fi s\u00fcrece kalacaklar\u0131n\u0131 vurgulad\u0131.<\/p>\n<p>Abdullahyan, \u00fclkesinin Kudus\u2019un ve b\u00fct\u00fcn i\u015fgal edilen topraklar\u0131 kurtarmaya de\u011fin Filistin sorununu desteklemye devam edeceklerini ifade etti.<\/p>\n<p>&nbsp;<\/p>\n","protected":false},"excerpt":{"rendered":"<p>TAHRAN \u2013 \u0130ran \u0130slam \u015eura Meclis Ba\u015fkan\u0131\u2019n\u0131n uluslararas\u0131 ili\u015fkiler \u00f6zel yard\u0131mc\u0131s\u0131 H\u00fcseyn Emir Abdullahyan, \u00fclkesinin Suriye ile ili\u015fkisinin stratejik oldu\u011funu belirterek iki \u00fclkenin ter\u00f6rle m\u00fccadele konusundaki i\u015fbirli\u011finin \u00f6nemine de\u011findi. Abdullahyan El Alem Haber TV\u2019ye verdi\u011fi demecinde Suriye\u2019nin direncinin Amerikan planlar\u0131n\u0131n bozdu\u011funu belirterek Suriye Arap Ordusu\u2019nun m\u00fcttefiki ve arkada\u015flar\u0131n\u0131n deste\u011finde ter\u00f6re kar\u015f\u0131 kaydetti\u011fi zafere dikkat \u00e7ekti. &hellip;<\/p>\n","protected":false},"author":1,"featured_media":209438,"comment_status":"closed","ping_status":"closed","sticky":false,"template":"","format":"standard","meta":{"footnotes":""},"categories":[458,459,17988],"tags":[],"class_list":["post-209437","post","type-post","status-publish","format-standard","has-post-thumbnail","","category-dunya1","category-haberler-arap-uluslararasi-politika","category-son-haberler"],"_links":{"self":[{"href":"https:\/\/archive.sana.sy\/tr\/index.php?rest_route=\/wp\/v2\/posts\/209437","targetHints":{"allow":["GET"]}}],"collection":[{"href":"https:\/\/archive.sana.sy\/tr\/index.php?rest_route=\/wp\/v2\/posts"}],"about":[{"href":"https:\/\/archive.sana.sy\/tr\/index.php?rest_route=\/wp\/v2\/types\/post"}],"author":[{"embeddable":true,"href":"https:\/\/archive.sana.sy\/tr\/index.php?rest_route=\/wp\/v2\/users\/1"}],"replies":[{"embeddable":true,"href":"https:\/\/archive.sana.sy\/tr\/index.php?rest_route=%2Fwp%2Fv2%2Fcomments&post=209437"}],"version-history":[{"count":0,"href":"https:\/\/archive.sana.sy\/tr\/index.php?rest_route=\/wp\/v2\/posts\/209437\/revisions"}],"wp:featuredmedia":[{"embeddable":true,"href":"https:\/\/archive.sana.sy\/tr\/index.php?rest_route=\/wp\/v2\/media\/209438"}],"wp:attachment":[{"href":"https:\/\/archive.sana.sy\/tr\/index.php?rest_route=%2Fwp%2Fv2%2Fmedia&parent=209437"}],"wp:term":[{"taxonomy":"category","embeddable":true,"href":"https:\/\/archive.sana.sy\/tr\/index.php?rest_route=%2Fwp%2Fv2%2Fcategories&post=209437"},{"taxonomy":"post_tag","embeddable":true,"href":"https:\/\/archive.sana.sy\/tr\/index.php?rest_route=%2Fwp%2Fv2%2Ftags&post=209437"}],"curies":[{"name":"wp","href":"https:\/\/api.w.org\/{rel}","templated":true}]}}