{"id":20944,"date":"2015-01-16T22:32:43","date_gmt":"2015-01-16T20:32:43","guid":{"rendered":"http:\/\/www.sana.sy\/tr\/?p=20944"},"modified":"2015-01-16T23:06:12","modified_gmt":"2015-01-16T21:06:12","slug":"alabalik-yetistiriciligi-icin-altyapi-hazir","status":"publish","type":"post","link":"https:\/\/archive.sana.sy\/tr\/?p=20944","title":{"rendered":"Alabal\u0131k Yeti\u015ftiricili\u011fi \u0130\u00e7in Altyap\u0131 Haz\u0131r"},"content":{"rendered":"<p>LAZK\u0130YE \u2013 Deniz Mahsulleri Kamu Kurumu M\u00fcd\u00fcr\u00fc Muhammed Zeyeddin, 14 y\u0131ld\u0131r yeterli su kaynaklar\u0131 bulunmamas\u0131 nedeniyle yap\u0131lamayan tatl\u0131 Alabal\u0131k yeti\u015ftiricili\u011fi i\u00e7in gerekli altyap\u0131n\u0131n haz\u0131rland\u0131\u011f\u0131n\u0131 ifade etti.<\/p>\n<p>SANA Ekonomi B\u00fcltenine bir deme\u00e7 veren Zeyneddin, yakla\u015f\u0131k bir ay i\u00e7erisinde \u00f6zel sekt\u00f6r taraf\u0131ndan anne bal\u0131klar\u0131n ithal edilmeye ba\u015flayaca\u011f\u0131na i\u015faret ederek yumurta ihra\u00e7 etmek yerine d\u00f6llenmi\u015f yumurta \u00fcretiminin ama\u00e7land\u0131\u011f\u0131n\u0131 belirtti.<\/p>\n<p>\u0130leriye d\u00f6n\u00fck bal\u0131k yemi \u00fcretimi de yap\u0131laca\u011f\u0131na de\u011finen Zeyneddin; Deniz Mahsulleri Kurumunun y\u0131ll\u0131k ki\u015fi ba\u015f\u0131na d\u00fc\u015fen bal\u0131k miktar\u0131n\u0131n 8 kg ile Arap \u00fclkeleri ortalamas\u0131n\u0131n yakalama plan\u0131 haz\u0131rlad\u0131\u011f\u0131n\u0131 ibraz etti.<\/p>\n<p>&nbsp;<\/p>\n<p>F. Berrak<\/p>\n","protected":false},"excerpt":{"rendered":"<p>LAZK\u0130YE \u2013 Deniz Mahsulleri Kamu Kurumu M\u00fcd\u00fcr\u00fc Muhammed Zeyeddin, 14 y\u0131ld\u0131r yeterli su kaynaklar\u0131 bulunmamas\u0131 nedeniyle yap\u0131lamayan tatl\u0131 Alabal\u0131k yeti\u015ftiricili\u011fi i\u00e7in gerekli altyap\u0131n\u0131n haz\u0131rland\u0131\u011f\u0131n\u0131 ifade etti. SANA Ekonomi B\u00fcltenine bir deme\u00e7 veren Zeyneddin, yakla\u015f\u0131k bir ay i\u00e7erisinde \u00f6zel sekt\u00f6r taraf\u0131ndan anne bal\u0131klar\u0131n ithal edilmeye ba\u015flayaca\u011f\u0131na i\u015faret ederek yumurta ihra\u00e7 etmek yerine d\u00f6llenmi\u015f yumurta \u00fcretiminin ama\u00e7land\u0131\u011f\u0131n\u0131 &hellip;<\/p>\n","protected":false},"author":1,"featured_media":20945,"comment_status":"closed","ping_status":"closed","sticky":false,"template":"","format":"standard","meta":{"footnotes":""},"categories":[485,486],"tags":[10142,10141,10143],"class_list":["post-20944","post","type-post","status-publish","format-standard","has-post-thumbnail","","category-is-ve-sermaye","category-haberler-is-ve-sermaye","tag-14-yildir-yeterli-su-kaynaklari-bulunmamasi-nedeniyle-yapilamayan-tatli-alabalik-yetistiriciligi-icin-gerekli-altyapinin-hazirlandigini-ifade-etti-sana-ekonomi-bultenine-bir-demec-veren-zeyneddin","tag-alabalik-yetistiriciligi-icin-altyapi-hazir-lazkiye-deniz-mahsulleri-kamu-kurumu-muduru-muhammed-zeyeddin","tag-yaklasik-bir-ay-icerisinde-ozel-sektor-tarafindan-anne-baliklarin-ithal-edilmeye-baslayacagina-isaret-ederek-yumurta-ihrac-etmek-yerine-dollenmis-yumurta-uretiminin-amaclandigini-belirtti-ileriye-don"],"_links":{"self":[{"href":"https:\/\/archive.sana.sy\/tr\/index.php?rest_route=\/wp\/v2\/posts\/20944","targetHints":{"allow":["GET"]}}],"collection":[{"href":"https:\/\/archive.sana.sy\/tr\/index.php?rest_route=\/wp\/v2\/posts"}],"about":[{"href":"https:\/\/archive.sana.sy\/tr\/index.php?rest_route=\/wp\/v2\/types\/post"}],"author":[{"embeddable":true,"href":"https:\/\/archive.sana.sy\/tr\/index.php?rest_route=\/wp\/v2\/users\/1"}],"replies":[{"embeddable":true,"href":"https:\/\/archive.sana.sy\/tr\/index.php?rest_route=%2Fwp%2Fv2%2Fcomments&post=20944"}],"version-history":[{"count":0,"href":"https:\/\/archive.sana.sy\/tr\/index.php?rest_route=\/wp\/v2\/posts\/20944\/revisions"}],"wp:featuredmedia":[{"embeddable":true,"href":"https:\/\/archive.sana.sy\/tr\/index.php?rest_route=\/wp\/v2\/media\/20945"}],"wp:attachment":[{"href":"https:\/\/archive.sana.sy\/tr\/index.php?rest_route=%2Fwp%2Fv2%2Fmedia&parent=20944"}],"wp:term":[{"taxonomy":"category","embeddable":true,"href":"https:\/\/archive.sana.sy\/tr\/index.php?rest_route=%2Fwp%2Fv2%2Fcategories&post=20944"},{"taxonomy":"post_tag","embeddable":true,"href":"https:\/\/archive.sana.sy\/tr\/index.php?rest_route=%2Fwp%2Fv2%2Ftags&post=20944"}],"curies":[{"name":"wp","href":"https:\/\/api.w.org\/{rel}","templated":true}]}}