{"id":209442,"date":"2020-05-18T00:15:19","date_gmt":"2020-05-17T21:15:19","guid":{"rendered":"http:\/\/www.sana.sy\/tr\/?p=209442"},"modified":"2020-05-19T12:15:18","modified_gmt":"2020-05-19T09:15:18","slug":"hamenai-amerikan-isgal-guclerinin-gelecegi-suriyeden-ve-iraktan-etmek","status":"publish","type":"post","link":"https:\/\/archive.sana.sy\/tr\/?p=209442","title":{"rendered":"Hamenai, Amerikan \u0130\u015fgal G\u00fc\u00e7lerinin Gelece\u011fi Suriye\u2019den ve Irak\u2019tan Etmek"},"content":{"rendered":"<p>TAHRAN \u2013 \u0130slam \u0130ran Devrim Lideri \u0130mam Seyyid Ali Hamnai, Amerikan i\u015fgal g\u00fc\u00e7lerinin gelece\u011finin Suriye\u2019den ve Irak\u2019tan etmek oldu\u011funu vurgulayarak Wa\u015fington\u2019un ter\u00f6re destekleyen davran\u0131\u015flar\u0131n\u0131n b\u00fct\u00fcn b\u00f6lge halk\u0131 taraf\u0131ndan makbul olunmaz bir davran\u0131\u015f oldu\u011funu belirtti.<\/p>\n<p>\u0130ran \u00dcniversiteleri Temsilcileri ile sanal bir toplant\u0131da Hamenai, Amerikan y\u00f6netimin ter\u00f6r\u00fc besleme, sava\u015flar\u0131 k\u00f6r\u00fckleme, kendisine tabi kimi rejimlere s\u0131n\u0131rs\u0131z deste\u011fi y\u00fcz\u00fcnden d\u00fcnya baz\u0131nda menfur oldu\u011funa i\u015faret etti.<\/p>\n<p>Hamenai, d\u00fc\u015fmanlar\u0131n \u00f6rmeye \u00e7al\u0131\u015ft\u0131klar\u0131 planlara ay\u0131lmaya ve ulusal k\u0131vanc\u0131 zedelemeye \u00e7al\u0131\u015fan planlar\u0131 bozmaya davet etti.<\/p>\n","protected":false},"excerpt":{"rendered":"<p>TAHRAN \u2013 \u0130slam \u0130ran Devrim Lideri \u0130mam Seyyid Ali Hamnai, Amerikan i\u015fgal g\u00fc\u00e7lerinin gelece\u011finin Suriye\u2019den ve Irak\u2019tan etmek oldu\u011funu vurgulayarak Wa\u015fington\u2019un ter\u00f6re destekleyen davran\u0131\u015flar\u0131n\u0131n b\u00fct\u00fcn b\u00f6lge halk\u0131 taraf\u0131ndan makbul olunmaz bir davran\u0131\u015f oldu\u011funu belirtti. \u0130ran \u00dcniversiteleri Temsilcileri ile sanal bir toplant\u0131da Hamenai, Amerikan y\u00f6netimin ter\u00f6r\u00fc besleme, sava\u015flar\u0131 k\u00f6r\u00fckleme, kendisine tabi kimi rejimlere s\u0131n\u0131rs\u0131z deste\u011fi y\u00fcz\u00fcnden &hellip;<\/p>\n","protected":false},"author":1,"featured_media":209443,"comment_status":"closed","ping_status":"closed","sticky":false,"template":"","format":"standard","meta":{"footnotes":""},"categories":[458,459,17988],"tags":[],"class_list":["post-209442","post","type-post","status-publish","format-standard","has-post-thumbnail","","category-dunya1","category-haberler-arap-uluslararasi-politika","category-son-haberler"],"_links":{"self":[{"href":"https:\/\/archive.sana.sy\/tr\/index.php?rest_route=\/wp\/v2\/posts\/209442","targetHints":{"allow":["GET"]}}],"collection":[{"href":"https:\/\/archive.sana.sy\/tr\/index.php?rest_route=\/wp\/v2\/posts"}],"about":[{"href":"https:\/\/archive.sana.sy\/tr\/index.php?rest_route=\/wp\/v2\/types\/post"}],"author":[{"embeddable":true,"href":"https:\/\/archive.sana.sy\/tr\/index.php?rest_route=\/wp\/v2\/users\/1"}],"replies":[{"embeddable":true,"href":"https:\/\/archive.sana.sy\/tr\/index.php?rest_route=%2Fwp%2Fv2%2Fcomments&post=209442"}],"version-history":[{"count":0,"href":"https:\/\/archive.sana.sy\/tr\/index.php?rest_route=\/wp\/v2\/posts\/209442\/revisions"}],"wp:featuredmedia":[{"embeddable":true,"href":"https:\/\/archive.sana.sy\/tr\/index.php?rest_route=\/wp\/v2\/media\/209443"}],"wp:attachment":[{"href":"https:\/\/archive.sana.sy\/tr\/index.php?rest_route=%2Fwp%2Fv2%2Fmedia&parent=209442"}],"wp:term":[{"taxonomy":"category","embeddable":true,"href":"https:\/\/archive.sana.sy\/tr\/index.php?rest_route=%2Fwp%2Fv2%2Fcategories&post=209442"},{"taxonomy":"post_tag","embeddable":true,"href":"https:\/\/archive.sana.sy\/tr\/index.php?rest_route=%2Fwp%2Fv2%2Ftags&post=209442"}],"curies":[{"name":"wp","href":"https:\/\/api.w.org\/{rel}","templated":true}]}}