{"id":20947,"date":"2015-01-16T22:43:16","date_gmt":"2015-01-16T20:43:16","guid":{"rendered":"http:\/\/www.sana.sy\/tr\/?p=20947"},"modified":"2015-01-16T22:43:16","modified_gmt":"2015-01-16T20:43:16","slug":"israilin-filistin-topraklarinda-isledigi-savas-suclari-icin-on-sorusturma-baslatilacak","status":"publish","type":"post","link":"https:\/\/archive.sana.sy\/tr\/?p=20947","title":{"rendered":"\u0130srail&#8217;in Filistin Topraklar\u0131nda \u0130\u015fledi\u011fi Sava\u015f Su\u00e7lar\u0131 \u0130\u00e7in \u00d6n Soru\u015fturma Ba\u015flat\u0131lacak"},"content":{"rendered":"<p>LAHAY \u2013 Uluslararas\u0131 Cinayet Mahkemesi; \u0130srail&#8217;in ge\u00e7en y\u0131l i\u015fgal alt\u0131ndaki Filistin topraklar\u0131nda i\u015fledi\u011fi muhtemel sava\u015f su\u00e7lar\u0131 hakk\u0131nda \u00f6n soru\u015fturma ba\u015flatt\u0131\u011f\u0131n\u0131 ilan etti.<\/p>\n<p>AFP; \u0130srailli yetkililere Filistin halk\u0131na kar\u015f\u0131 sava\u015f su\u00e7u i\u015flemekle su\u00e7lamalar y\u00f6nlendirmeye yol a\u00e7abilecek \u00f6n soru\u015fturman\u0131n; ger\u00e7ekte sava\u015f su\u00e7u i\u015flenip i\u015flenmedi\u011fine ili\u015fkin makul bir temel olu\u015fturma hedefi ta\u015f\u0131d\u0131\u011f\u0131n\u0131 aktard\u0131.<\/p>\n<p>Uluslararas\u0131 Cinayet Mahkemesinde Ba\u015fsavc\u0131 bug\u00fcn yay\u0131nlad\u0131\u011f\u0131 beyanda; \u0130srail&#8217;in Filistin topraklar\u0131nda sava\u015f su\u00e7u i\u015fledi\u011fine ili\u015fkin makul bir temel g\u00f6r\u00fclmesi halinde tam bir soru\u015fturman\u0131n a\u00e7\u0131laca\u011f\u0131n\u0131 a\u00e7\u0131klad\u0131.<\/p>\n","protected":false},"excerpt":{"rendered":"<p>LAHAY \u2013 Uluslararas\u0131 Cinayet Mahkemesi; \u0130srail&#8217;in ge\u00e7en y\u0131l i\u015fgal alt\u0131ndaki Filistin topraklar\u0131nda i\u015fledi\u011fi muhtemel sava\u015f su\u00e7lar\u0131 hakk\u0131nda \u00f6n soru\u015fturma ba\u015flatt\u0131\u011f\u0131n\u0131 ilan etti. AFP; \u0130srailli yetkililere Filistin halk\u0131na kar\u015f\u0131 sava\u015f su\u00e7u i\u015flemekle su\u00e7lamalar y\u00f6nlendirmeye yol a\u00e7abilecek \u00f6n soru\u015fturman\u0131n; ger\u00e7ekte sava\u015f su\u00e7u i\u015flenip i\u015flenmedi\u011fine ili\u015fkin makul bir temel olu\u015fturma hedefi ta\u015f\u0131d\u0131\u011f\u0131n\u0131 aktard\u0131. Uluslararas\u0131 Cinayet Mahkemesinde Ba\u015fsavc\u0131 bug\u00fcn &hellip;<\/p>\n","protected":false},"author":1,"featured_media":20948,"comment_status":"closed","ping_status":"closed","sticky":false,"template":"","format":"standard","meta":{"footnotes":""},"categories":[458,459,447],"tags":[10144],"class_list":["post-20947","post","type-post","status-publish","format-standard","has-post-thumbnail","","category-dunya1","category-haberler-arap-uluslararasi-politika","category-politika","tag-israilin-filistin-topraklarinda-isledigi-savas-suclari-icin-on-sorusturma-baslatilacak-lahay-uluslararasi-cinayet-mahkemesi-israilin-gecen-yil-isgal-altindaki-filistin-topraklarinda-isled"],"_links":{"self":[{"href":"https:\/\/archive.sana.sy\/tr\/index.php?rest_route=\/wp\/v2\/posts\/20947","targetHints":{"allow":["GET"]}}],"collection":[{"href":"https:\/\/archive.sana.sy\/tr\/index.php?rest_route=\/wp\/v2\/posts"}],"about":[{"href":"https:\/\/archive.sana.sy\/tr\/index.php?rest_route=\/wp\/v2\/types\/post"}],"author":[{"embeddable":true,"href":"https:\/\/archive.sana.sy\/tr\/index.php?rest_route=\/wp\/v2\/users\/1"}],"replies":[{"embeddable":true,"href":"https:\/\/archive.sana.sy\/tr\/index.php?rest_route=%2Fwp%2Fv2%2Fcomments&post=20947"}],"version-history":[{"count":0,"href":"https:\/\/archive.sana.sy\/tr\/index.php?rest_route=\/wp\/v2\/posts\/20947\/revisions"}],"wp:featuredmedia":[{"embeddable":true,"href":"https:\/\/archive.sana.sy\/tr\/index.php?rest_route=\/wp\/v2\/media\/20948"}],"wp:attachment":[{"href":"https:\/\/archive.sana.sy\/tr\/index.php?rest_route=%2Fwp%2Fv2%2Fmedia&parent=20947"}],"wp:term":[{"taxonomy":"category","embeddable":true,"href":"https:\/\/archive.sana.sy\/tr\/index.php?rest_route=%2Fwp%2Fv2%2Fcategories&post=20947"},{"taxonomy":"post_tag","embeddable":true,"href":"https:\/\/archive.sana.sy\/tr\/index.php?rest_route=%2Fwp%2Fv2%2Ftags&post=20947"}],"curies":[{"name":"wp","href":"https:\/\/api.w.org\/{rel}","templated":true}]}}