{"id":20951,"date":"2015-01-16T23:00:20","date_gmt":"2015-01-16T21:00:20","guid":{"rendered":"http:\/\/www.sana.sy\/tr\/?p=20951"},"modified":"2015-01-16T23:04:52","modified_gmt":"2015-01-16T21:04:52","slug":"20951","status":"publish","type":"post","link":"https:\/\/archive.sana.sy\/tr\/?p=20951","title":{"rendered":"Bat\u0131l\u0131 Devletler ve K\u00f6rfez Emirlikleri I\u015e\u0130D Ter\u00f6r \u00d6rg\u00fct\u00fcne U\u00e7aklardan Silah At\u0131yorlar"},"content":{"rendered":"<p>BA\u011eDAT \u2013 Bat\u0131l\u0131 Devletler ve K\u00f6rfez Emirlikleri ba\u015fta I\u015e\u0130D olmak \u00fczere silahl\u0131 ter\u00f6r gruplar\u0131n\u0131 destekleme \u00e7izgisini s\u00fcrd\u00fcr\u00fcyorlar.<\/p>\n<p>Irak\u2019ta Direni\u015f\u00e7i Hizbullah Partisi Genel Sekreteri Yard\u0131mc\u0131s\u0131 H\u00fcseyin el Ramahi, Irakl\u0131 g\u00fcvenlik g\u00fc\u00e7lerinin ve halk kitlelerinin, I\u015e\u0130D ter\u00f6ristlerinin Irak ordusu taraf\u0131ndan temizlendi\u011fi b\u00f6lgelerde el Suud Krall\u0131\u011f\u0131na ait silahlar bulundu\u011funu a\u00e7\u0131klad\u0131.<\/p>\n<p>SANA\u2019n\u0131n Ba\u011fdat Muhabirine bir r\u00f6portaj veren Ramahi; I\u015e\u0130D ter\u00f6ristlerinden temizlenen b\u00f6lgelerde bulunan bu silahlar\u0131n, ABD ile koordinasyon i\u00e7erisinde kimli\u011fi belirlenmeyen u\u00e7aklardan I\u015e\u0130D ter\u00f6ristlerine at\u0131lm\u0131\u015f silahlar oldu\u011funa i\u015faret ederek Ba\u011fdat\u2019\u0131n kuzeyinde bulunan Tarmiye b\u00f6lgesinin I\u015e\u0130D ter\u00f6ristlerinden kurtar\u0131ld\u0131ktan sonra burada \u00fczerinde Suudi Arabistan Krall\u0131\u011f\u0131n\u0131 an\u0131msatan sloganlar yaz\u0131l\u0131 silah sand\u0131klar\u0131 bulundu\u011funu belirtti.<\/p>\n<p>Ramahi, b\u00f6lgede I\u015e\u0130D ter\u00f6r \u00e7etelerine silah atan koalisyon u\u00e7aklar\u0131 g\u00f6r\u00fcld\u00fc\u011f\u00fcn\u00fc ekledi.<\/p>\n<p>Ayr\u0131ca b\u00f6lgede incelemelerde bulunan g\u00f6zlemciler de I\u015e\u0130D ter\u00f6r \u00f6rg\u00fct\u00fcn\u00fcn her y\u00f6nden ku\u015fatma alt\u0131na al\u0131nm\u0131\u015f olmas\u0131na ra\u011fmen hayal edilemeyecek miktarda silaha sahip oldu\u011funu ifade ettiler.<\/p>\n<p>I\u015e\u0130D ter\u00f6r \u00f6rg\u00fct\u00fcn\u00fcn devasa be\u015feri kay\u0131plar\u0131 g\u00f6z \u00f6n\u00fcnde bulundurulursa, I\u015e\u0130D ter\u00f6r \u00f6rg\u00fct\u00fcne kar\u015f\u0131 m\u00fccadele etti\u011fini iddia eden ve ayn\u0131 zamanda ayn\u0131 ter\u00f6r \u00f6rg\u00fct\u00fcne silah ve lojistik destek veren Suudi Arabistan, Katar, T\u00fcrkiye, ABD ve s\u00f6zde I\u015e\u0130D\u2019e Kar\u015f\u0131 Koalisyon gibi g\u00fc\u00e7lerinin as\u0131l ama\u00e7lar\u0131 b\u00fcy\u00fck \u015f\u00fcphelere sebep oluyor.<\/p>\n<p>&nbsp;<\/p>\n<p>F. Berrak<\/p>\n","protected":false},"excerpt":{"rendered":"<p>BA\u011eDAT \u2013 Bat\u0131l\u0131 Devletler ve K\u00f6rfez Emirlikleri ba\u015fta I\u015e\u0130D olmak \u00fczere silahl\u0131 ter\u00f6r gruplar\u0131n\u0131 destekleme \u00e7izgisini s\u00fcrd\u00fcr\u00fcyorlar. Irak\u2019ta Direni\u015f\u00e7i Hizbullah Partisi Genel Sekreteri Yard\u0131mc\u0131s\u0131 H\u00fcseyin el Ramahi, Irakl\u0131 g\u00fcvenlik g\u00fc\u00e7lerinin ve halk kitlelerinin, I\u015e\u0130D ter\u00f6ristlerinin Irak ordusu taraf\u0131ndan temizlendi\u011fi b\u00f6lgelerde el Suud Krall\u0131\u011f\u0131na ait silahlar bulundu\u011funu a\u00e7\u0131klad\u0131. SANA\u2019n\u0131n Ba\u011fdat Muhabirine bir r\u00f6portaj veren Ramahi; I\u015e\u0130D &hellip;<\/p>\n","protected":false},"author":1,"featured_media":20952,"comment_status":"closed","ping_status":"closed","sticky":false,"template":"","format":"standard","meta":{"footnotes":""},"categories":[458,459,447],"tags":[10148,10151,10145,10149,10146,10150,10147,3946,3039],"class_list":["post-20951","post","type-post","status-publish","format-standard","has-post-thumbnail","","category-dunya1","category-haberler-arap-uluslararasi-politika","category-politika","tag-abd-ile-koordinasyon-icerisinde-kimligi-belirlenmeyen-ucaklardan-isid-teroristlerine-atilmis-silahlar-olduguna-isaret-ederek-bagdatin-kuzeyinde-bulunan-tarmiye-bolgesinin-isid-teroristlerinde","tag-abd-ve-sozde-iside-karsi-koalisyon-gibi-guclerinin-asil-amaclari-buyuk-suphelere-sebep-oluyor","tag-batili-devletler-ve-korfez-emirlikleri-isid-teror-orgutune-ucaklardan-silah-atiyorlar-bagdat-batili-devletler-ve-korfez-emirlikleri-basta-isid-olmak-uzere-silahli-teror-gruplarini-destekleme","tag-bolgede-isid-teror-cetelerine-silah-atan-koalisyon-ucaklari-goruldugunu-ekledi-ayrica-bolgede-incelemelerde-bulunan-gozlemciler-de-isid-teror-orgutunun-her-yonden-kusatma-altina-alinmis-olmasina-ragm","tag-irakli-guvenlik-guclerinin-ve-halk-kitlelerinin","tag-isid-teror-orgutune-karsi-mucadele-ettigini-iddia-eden-ve-ayni-zamanda-ayni-teror-orgutune-silah-ve-lojistik-destek-veren-suudi-arabistan","tag-isid-teroristlerinin-irak-ordusu-tarafindan-temizlendigi-bolgelerde-el-suud-kralligina-ait-silahlar-bulundugunu-acikladi-sananin-bagdat-muhabirine-bir-roportaj-veren-ramahi-isid-teroristler","tag-katar","tag-turkiye"],"_links":{"self":[{"href":"https:\/\/archive.sana.sy\/tr\/index.php?rest_route=\/wp\/v2\/posts\/20951","targetHints":{"allow":["GET"]}}],"collection":[{"href":"https:\/\/archive.sana.sy\/tr\/index.php?rest_route=\/wp\/v2\/posts"}],"about":[{"href":"https:\/\/archive.sana.sy\/tr\/index.php?rest_route=\/wp\/v2\/types\/post"}],"author":[{"embeddable":true,"href":"https:\/\/archive.sana.sy\/tr\/index.php?rest_route=\/wp\/v2\/users\/1"}],"replies":[{"embeddable":true,"href":"https:\/\/archive.sana.sy\/tr\/index.php?rest_route=%2Fwp%2Fv2%2Fcomments&post=20951"}],"version-history":[{"count":0,"href":"https:\/\/archive.sana.sy\/tr\/index.php?rest_route=\/wp\/v2\/posts\/20951\/revisions"}],"wp:featuredmedia":[{"embeddable":true,"href":"https:\/\/archive.sana.sy\/tr\/index.php?rest_route=\/wp\/v2\/media\/20952"}],"wp:attachment":[{"href":"https:\/\/archive.sana.sy\/tr\/index.php?rest_route=%2Fwp%2Fv2%2Fmedia&parent=20951"}],"wp:term":[{"taxonomy":"category","embeddable":true,"href":"https:\/\/archive.sana.sy\/tr\/index.php?rest_route=%2Fwp%2Fv2%2Fcategories&post=20951"},{"taxonomy":"post_tag","embeddable":true,"href":"https:\/\/archive.sana.sy\/tr\/index.php?rest_route=%2Fwp%2Fv2%2Ftags&post=20951"}],"curies":[{"name":"wp","href":"https:\/\/api.w.org\/{rel}","templated":true}]}}