{"id":20962,"date":"2015-01-17T10:14:03","date_gmt":"2015-01-17T08:14:03","guid":{"rendered":"http:\/\/sana.sy\/tr\/?p=20962"},"modified":"2015-01-18T15:13:20","modified_gmt":"2015-01-18T13:13:20","slug":"arap-barolar-birligi-konferansi-suriyeyi-destek-festivaline-donustu","status":"publish","type":"post","link":"https:\/\/archive.sana.sy\/tr\/?p=20962","title":{"rendered":"Arap Barolar Birli\u011fi Konferans\u0131 Suriye\u2019yi Destek Festivaline D\u00f6n\u00fc\u015ft\u00fc"},"content":{"rendered":"<p>KAH\u0130RE \u2013 Arap \u00fclkelerinden Baro Ba\u015fkanlar\u0131, Sendika Konsey \u00fcyeleri ve \u00fcst d\u00fczey avukatlar\u0131n kat\u0131ld\u0131\u011f\u0131 Arap Barolar Birli\u011fi Konferans\u0131n\u0131n 23. D\u00f6nem a\u00e7\u0131l\u0131\u015f\u0131, Suriye\u2019yi destek ve dayan\u0131\u015fma festivaline d\u00f6n\u00fc\u015ft\u00fc.<\/p>\n<p>Y\u00fczlerce Arap avukat Suriye heyetiyle Suriye ulusal mar\u015f\u0131n\u0131 tekrarlayarak, Suriye Arap Ordusu ve Cumhurba\u015fkan\u0131 Be\u015f\u015far Esad\u2019\u0131 destekleyen, \u201cYa\u015fas\u0131n Suriye ve M\u0131s\u0131r\u201d, \u201cYa\u015fas\u0131n Ba\u015fkan Esad ve Ya\u015fas\u0131n Ba\u015fkan Sisi\u201d yan\u0131 s\u0131ra ter\u00f6r\u00fc destekleyen Katar ve T\u00fcrkiye\u2019yi k\u0131nayan sloganlar atarak merkez salonda Suriye bayra\u011f\u0131n\u0131 kald\u0131rd\u0131lar.<\/p>\n<p>Arap Barolar Birli\u011fi Ba\u015fkan\u0131 Abdullatif Bua\u015frin, \u201cben 1973 y\u0131l\u0131 Te\u015frin sava\u015f\u0131nda sava\u015ft\u0131m, temennim Suriye topraklar\u0131 \u00fczerinde \u015fehit olmakt\u0131r\u201d dedi.<\/p>\n<p>Bua\u015frin yapt\u0131\u011f\u0131 konu\u015fmada, her Arap\u2019\u0131n kalbini s\u0131zlatacak \u015fekilde Arap alemimizin muhtelif yerlerinin tan\u0131k oldu\u011fu kan ak\u0131\u015f\u0131n\u0131 k\u0131nayarak meydan okumalara kar\u015f\u0131 birlik ve beraberli\u011fin desteklenmesi gere\u011fini vurgulad\u0131.<br \/>\nArap Barolar Birli\u011fi Ba\u015fkan\u0131, Suriye, Irak, Sudan, Yemen ve Libya\u2019da halihaz\u0131rdaki krizler konusunda tek bir tutum al\u0131nmas\u0131na \u00e7a\u011fr\u0131 yapt\u0131.<\/p>\n<p>3 g\u00fcn s\u00fcrecek konferanslar\u0131 esnas\u0131nda Arap Avukatlar, Arap, B\u00f6lgesel ve Uluslararas\u0131 baz\u0131 konular\u0131 ele almas\u0131 yan\u0131 s\u0131ra \u00f6zg\u00fcrl\u00fckler, demokrasi, insan haklar\u0131 ile Avukatl\u0131k g\u00f6revini kalk\u0131nd\u0131rma ve y\u00fckseltme ile gen\u00e7 \u00fcyeleri e\u011fitme konular\u0131n\u0131 g\u00f6r\u00fc\u015fecek.<\/p>\n<p>Kendi y\u00f6n\u00fcnden Arap Birli\u011fi Barolar Ba\u015fkan\u0131 Samih A\u015fur konferans\u0131n a\u00e7\u0131l\u0131\u015f konu\u015fmas\u0131nda, Irak, Libya, Sudan ve di\u011fer Arap \u00fclkelerini b\u00f6lme planlar\u0131na y\u00f6nelik Arap suskunlu\u011funu k\u0131nayarak Suriye topra\u011f\u0131n\u0131n birli\u011fine \u00f6zen g\u00f6sterilmesi ve Siyonist i\u015fgal varl\u0131\u011f\u0131 \u00e7\u0131kar\u0131na Suriye devletinin d\u00fc\u015fmesine izin verilmemesine, Suriye\u2019nin de Arap Kurulundaki sandalyesine geri d\u00f6nmesine \u00e7a\u011fr\u0131 yapt\u0131.<\/p>\n<p>Bir \u00d6nceki g\u00fcn Kahire\u2019de d\u00fczenlenen Arap Birli\u011fi Barolar se\u00e7iminde Fasl\u0131 Bua\u015frin Kuveytli Avukat Davhi el H\u0131sban\u2019\u0131n 16 oyuna kar\u015f\u0131l\u0131k 30 oyla ba\u015fkanl\u0131\u011f\u0131 kazand\u0131.<\/p>\n<p>S. \u015e.<\/p>\n","protected":false},"excerpt":{"rendered":"<p>KAH\u0130RE \u2013 Arap \u00fclkelerinden Baro Ba\u015fkanlar\u0131, Sendika Konsey \u00fcyeleri ve \u00fcst d\u00fczey avukatlar\u0131n kat\u0131ld\u0131\u011f\u0131 Arap Barolar Birli\u011fi Konferans\u0131n\u0131n 23. D\u00f6nem a\u00e7\u0131l\u0131\u015f\u0131, Suriye\u2019yi destek ve dayan\u0131\u015fma festivaline d\u00f6n\u00fc\u015ft\u00fc. Y\u00fczlerce Arap avukat Suriye heyetiyle Suriye ulusal mar\u015f\u0131n\u0131 tekrarlayarak, Suriye Arap Ordusu ve Cumhurba\u015fkan\u0131 Be\u015f\u015far Esad\u2019\u0131 destekleyen, \u201cYa\u015fas\u0131n Suriye ve M\u0131s\u0131r\u201d, \u201cYa\u015fas\u0131n Ba\u015fkan Esad ve Ya\u015fas\u0131n Ba\u015fkan Sisi\u201d &hellip;<\/p>\n","protected":false},"author":1,"featured_media":20963,"comment_status":"closed","ping_status":"closed","sticky":false,"template":"","format":"standard","meta":{"footnotes":""},"categories":[458,459,447],"tags":[10152],"class_list":["post-20962","post","type-post","status-publish","format-standard","has-post-thumbnail","","category-dunya1","category-haberler-arap-uluslararasi-politika","category-politika","tag-arap-barolar-birligi-konferansi-suriyeyi-destek-festivaline-donustu"],"_links":{"self":[{"href":"https:\/\/archive.sana.sy\/tr\/index.php?rest_route=\/wp\/v2\/posts\/20962","targetHints":{"allow":["GET"]}}],"collection":[{"href":"https:\/\/archive.sana.sy\/tr\/index.php?rest_route=\/wp\/v2\/posts"}],"about":[{"href":"https:\/\/archive.sana.sy\/tr\/index.php?rest_route=\/wp\/v2\/types\/post"}],"author":[{"embeddable":true,"href":"https:\/\/archive.sana.sy\/tr\/index.php?rest_route=\/wp\/v2\/users\/1"}],"replies":[{"embeddable":true,"href":"https:\/\/archive.sana.sy\/tr\/index.php?rest_route=%2Fwp%2Fv2%2Fcomments&post=20962"}],"version-history":[{"count":0,"href":"https:\/\/archive.sana.sy\/tr\/index.php?rest_route=\/wp\/v2\/posts\/20962\/revisions"}],"wp:featuredmedia":[{"embeddable":true,"href":"https:\/\/archive.sana.sy\/tr\/index.php?rest_route=\/wp\/v2\/media\/20963"}],"wp:attachment":[{"href":"https:\/\/archive.sana.sy\/tr\/index.php?rest_route=%2Fwp%2Fv2%2Fmedia&parent=20962"}],"wp:term":[{"taxonomy":"category","embeddable":true,"href":"https:\/\/archive.sana.sy\/tr\/index.php?rest_route=%2Fwp%2Fv2%2Fcategories&post=20962"},{"taxonomy":"post_tag","embeddable":true,"href":"https:\/\/archive.sana.sy\/tr\/index.php?rest_route=%2Fwp%2Fv2%2Ftags&post=20962"}],"curies":[{"name":"wp","href":"https:\/\/api.w.org\/{rel}","templated":true}]}}