{"id":209621,"date":"2020-05-20T23:10:19","date_gmt":"2020-05-20T20:10:19","guid":{"rendered":"http:\/\/www.sana.sy\/tr\/?p=209621"},"modified":"2020-05-22T08:13:01","modified_gmt":"2020-05-22T05:13:01","slug":"suriyeye-karsi-medya-yaniltma-kampanyalari-devam-ediyor-kimyasalin-basarisizligindan-sonra-suriye-dizileri-hedef-alindi","status":"publish","type":"post","link":"https:\/\/archive.sana.sy\/tr\/?p=209621","title":{"rendered":"Suriye&#8217;ye Kar\u015f\u0131 Medya Yan\u0131ltma Kampanyalar\u0131 Devam Ediyor.. Kimyasal&#8217;\u0131n Ba\u015far\u0131s\u0131zl\u0131\u011f\u0131ndan Sonra Suriye Dizileri Hedef Al\u0131nd\u0131 (V\u0130DEO)"},"content":{"rendered":"<p style=\"text-align: justify;\">\u015eAM &#8211; Suriye&#8217;ye kar\u015f\u0131 ter\u00f6rist sava\u015f\u0131n ba\u015flang\u0131c\u0131ndan bu yana Bat\u0131 medyas\u0131 taraf\u0131ndan uygulanan medya yanl\u0131\u015f bilgilendirme kampanyas\u0131 siyasette, sahada ve ekonomide de devam ediyor, sistematik bir yanl\u0131\u015f bilgilendirme kampanyas\u0131yla hedeflenen Suriye dramas\u0131 da nasibini ald\u0131.<\/p>\n<p style=\"text-align: justify;\">Bug\u00fcn yeni olan, Bat\u0131 medyas\u0131n\u0131n ve d\u00fc\u015fman ittifak\u0131ndan arkas\u0131nda duranlar\u0131n Suriye dramas\u0131n\u0131 hedefleyerek Suriye&#8217;yi, \u00f6zellikle b\u00f6l\u00fcmleri Suriye&#8217;de ve yurtd\u0131\u015f\u0131nda y\u00fcksek izleyici \u00e7eken \u201cSay\u0131n Adem ile r\u00f6portaj\u201d adl\u0131 dramaya y\u00f6nelik hedef alma giri\u015fimi.<\/p>\n<p style=\"text-align: justify;\">El-Cezire, El-Arabiya ve di\u011fer Bat\u0131 medyas\u0131ndan ter\u00f6ristlerin medya kollar\u0131, Suriye&#8217;ye kar\u015f\u0131 ter\u00f6rist sava\u015f\u0131n ate\u015fli ba\u015flang\u0131c\u0131 olu\u015fturan ve y\u0131llarca siyaset, din ve alanda devam eden yan\u0131lt\u0131c\u0131 medyadaki t\u00fcm ara\u00e7lar\u0131n\u0131 t\u00fckettikten sonra, bu ara\u00e7lar, a\u00e7\u0131k bir dezenformasyon kampanyas\u0131yla Suriye dramas\u0131n\u0131 hedefleyerek Suriye&#8217;ye yeniden sald\u0131r\u0131yor.<\/p>\n<p style=\"text-align: justify;\">\u0130ngiliz The Guardian gazetesi, iki g\u00fcn \u00f6nce Osmanl\u0131 Sultanl\u0131\u011f\u0131n\u0131n ba\u015fkenti \u0130stanbul&#8217;da yazarlar\u0131ndan birinin ele ald\u0131\u011f\u0131 uzun makalede, M\u0131s\u0131rl\u0131 bir k\u0131z\u0131n \u00f6ld\u00fcr\u00fclmesi ile ilgili dizilerin sahnelerinden birine ait oldu\u011funu iddia ettti. Kurban\u0131n cesedinin muayenesi s\u0131ras\u0131nda, eserin y\u00f6neticisi, y\u0131llar \u00f6nce &#8220;Sezar&#8221; olarak bilinen bir diziden oldu\u011fu iddia edilen foto\u011frafa g\u00f6re &#8220;Suriye hapishanelerinin kurban\u0131&#8221; oldu\u011funu s\u00f6yledi\u011fi bir resim kulland\u0131.<\/p>\n<p style=\"text-align: justify;\">Dizinin y\u00f6netmeni Fadi Selim SANA&#8217;n\u0131n konuyla ilgili sorusuna cevaben, dizide kurban\u0131 oynayan akt\u00f6r Tunuslu aktris Selma Celal oldu\u011funu, Maky\u00f6z Ahmed Haydar taraf\u0131ndan kurban\u0131n ortaya \u00e7\u0131kt\u0131\u011f\u0131 y\u00fcz i\u00e7in makyaj \u00e7al\u0131\u015fmas\u0131 yapan Suriyeli bir k\u0131za (kompars) kar\u0131n makyaj\u0131 yap\u0131ld\u0131\u011f\u0131n\u0131 ve bu eylemlerin Muvasat Hastanesi&#8217;nde yap\u0131ld\u0131\u011f\u0131na dikkat \u00e7ekti.<\/p>\n<p style=\"text-align: justify;\">Y\u00f6netmen Selim, Tunuslu aktrisin y\u00fcz makyaj operasyonlar\u0131n\u0131 g\u00f6steren foto\u011fraf ve videolar ile dizinin kahraman\u0131 Gassan Mesud ve di\u011ferleri ile montaj i\u015flemleri s\u0131ras\u0131nda \u00e7ekilen kompars k\u0131z\u0131n\u0131n (ekli video ve foto\u011fraflar) kar\u0131n makyaj \u00e7al\u0131\u015fmalar\u0131n\u0131 g\u00f6sterdi.<\/p>\n<p style=\"text-align: justify;\">\u0130ngiliz gazetesi, y\u00f6netmenin onu kulland\u0131\u011f\u0131n\u0131 iddia eden k\u0131z i\u00e7in oldu\u011funu s\u00f6yledi\u011fi bir resim yay\u0131nlad\u0131\u011f\u0131n\u0131, ancak ceset tespiti sahnesinde yay\u0131nlanan g\u00f6r\u00fcnt\u00fc ile kurban\u0131n ger\u00e7ek resimleri aras\u0131nda kar\u015f\u0131la\u015ft\u0131rma yaparak, ekiplerin b\u00fcy\u00fckl\u00fc\u011f\u00fc ve sonu\u00e7 olarak sava\u015f\u0131n dokuz y\u0131l\u0131 boyunca maruz kalmas\u0131na ra\u011fmen \u00fcretim ve sahtecilik boyutunun halen uygulanmakta oldu\u011funu ortaya \u00e7\u0131kard\u0131.<\/p>\n<p style=\"text-align: justify;\">Dizi y\u00f6netmeni, kimli\u011fi belirsiz bedenleri numaraland\u0131rma s\u00fcrecinin evrensel olarak kurulmu\u015f bir s\u00fcre\u00e7 oldu\u011funu vurgulayarak, dizide genellikle bilinmeyen bedenlere sadece rastgele say\u0131lar verildi\u011fini, iddia ettiklerinin de asl\u0131nda uydurulmus ve sahte olan Sezar&#8217;dan oldu\u011funu a\u00e7\u0131klad\u0131.<\/p>\n<p style=\"text-align: justify;\">Yeni kampanya, y\u0131llar \u00f6nce Suriye&#8217;ye kar\u015f\u0131 ba\u015flat\u0131lan ve Amerikan y\u00f6netiminin bug\u00fcn Suriye halk\u0131na kar\u015f\u0131 ku\u015fatma ve yasad\u0131\u015f\u0131 yapt\u0131r\u0131mlar\u0131 s\u0131k\u0131la\u015ft\u0131rarak \u201cSezar\u201d ad\u0131n\u0131 ta\u015f\u0131yan orman yasas\u0131 yasas\u0131n\u0131n \u00e7\u0131kar\u0131lmas\u0131n\u0131 hakl\u0131 \u00e7\u0131karmak i\u00e7in kullanmaya \u00e7al\u0131\u015ft\u0131\u011f\u0131 fabrikasyon \u201cSezar\u201d resimleriyle canland\u0131rmay\u0131 ama\u00e7l\u0131yor.<\/p>\n<p style=\"text-align: justify;\">Diziye yap\u0131lan sald\u0131r\u0131 sebebi ile ilgili ise Selim, bu y\u0131lki Suriye dramas\u0131n\u0131n \u201cKud\u00fcs Koruyucusu&#8221; gibi \u00f6nemli drama \u00e7al\u0131\u015fmalar ve Arap d\u00fcnyas\u0131nda y\u00fcksek izleyicili\u011fe sahip &#8220;Say\u0131n Adam ile r\u00f6portaj&#8221; ve di\u011ferleriyle gibi \u00f6nemli dramatik \u00e7al\u0131\u015fmalar \u00fcretti\u011fini, \u00fclkemize y\u00f6nelik dokuz y\u0131ldan fazla s\u00fcredir devam eden ter\u00f6rist sava\u015f y\u0131llar\u0131na ra\u011fmen Suriye tiyatrosunun parlakl\u0131\u011f\u0131ndan rahats\u0131z olanlar\u0131n bulundu\u011funu g\u00f6sterdi\u011fine dikkat \u00e7ekti.<\/p>\n<p style=\"text-align: justify;\">Selim: &#8220;S\u00fcre\u00e7 a\u00e7\u0131k ve 2011&#8217;den bug\u00fcne s\u00fcrekli medya yanl\u0131\u015f bilgilendirmesi yoluyla dramay\u0131 hedefleyerek Suriye&#8217;yi hedefliyor. Suriyeliler, sava\u015f y\u0131llar\u0131 boyunca \u00fclkelerine kar\u015f\u0131 y\u00fcr\u00fct\u00fclen medya sava\u015f\u0131n\u0131n b\u00fcy\u00fckl\u00fc\u011f\u00fcn\u00fcn fark\u0131ndalar ve bu da bu sava\u015f\u0131n bir par\u00e7as\u0131d\u0131r&#8221; dedi.<\/p>\n<p style=\"text-align: justify;\">&#8220;Beyaz Kaskl\u0131lar&#8221; adl\u0131 ter\u00f6rst \u00f6rg\u00fct elemanlar\u0131 taraf\u0131ndan y\u00fcr\u00fct\u00fclen kimyasal oyunlar\u0131yla \u00f6nceki t\u00fcm kampanyalar\u0131ndan sonra, Suriye halk\u0131n\u0131n fark\u0131ndal\u0131\u011f\u0131n\u0131, g\u00fcc\u00fcn\u00fc ve dayan\u0131kl\u0131l\u0131\u011f\u0131n\u0131 etkilemedi\u011fini, bu da ter\u00f6rist sald\u0131rganl\u0131k plan\u0131n\u0131n ara\u00e7lar\u0131n\u0131n \u00e7\u00f6k\u00fc\u015f\u00fcne ve Suriye Arap Ordusu \u00f6n\u00fcnde yenilgisine b\u00fcy\u00fck katk\u0131da bulunmas\u0131n\u0131n \u015fa\u015f\u0131rt\u0131c\u0131 olmayan bir \u015fekilde, Suriye&#8217;ye kar\u015f\u0131 yanl\u0131\u015f bilgi ve medya \u00fcretimi kampanyalar yenileniyor.<\/p>\n<p style=\"text-align: justify;\">Ba\u015fta m\u00fcbarek Ramazan ay\u0131nda olmak \u00fczere Arap vatan\u0131nda geni\u015f izleyici kitlesi \u00e7eken Suriye Dramas\u0131na kar\u015f\u0131 d\u00fczenlenen hamle, i\u00e7lerinde Suriye halk\u0131n\u0131n da bulundu\u011fu d\u00fcnya halklar\u0131na kar\u015f\u0131 ekonomik ve sa\u011fl\u0131k sonu\u00e7lar\u0131 ve korona salg\u0131n\u0131n\u0131n d\u00fcnya d\u00fczeyinde yay\u0131lmas\u0131 g\u00f6lgesinde Amerika Birle\u015fik Devletleri ve ara\u00e7lar\u0131 taraf\u0131ndan Suriye halk\u0131na kar\u015f\u0131 uygulanan ekonomik ve sa\u011fl\u0131k ter\u00f6r\u00fcnden hi\u00e7bir \u015fekilde ayr\u0131lmamaktad\u0131r.<\/p>\n<p><iframe loading=\"lazy\" src=\"https:\/\/www.youtube.com\/embed\/vN3O-MzpulY\" width=\"620\" height=\"347\" frameborder=\"0\" allowfullscreen=\"allowfullscreen\"><\/iframe><\/p>\n<div id='gallery-1' class='gallery galleryid-209621 gallery-columns-1 gallery-size-full'><figure class='gallery-item'>\n\t\t\t<div class='gallery-icon landscape'>\n\t\t\t\t<a href='https:\/\/archive.sana.sy\/tr\/wp-content\/uploads\/2020\/05\/2-260.jpg'><img loading=\"lazy\" decoding=\"async\" width=\"660\" height=\"440\" src=\"https:\/\/archive.sana.sy\/tr\/wp-content\/uploads\/2020\/05\/2-260.jpg\" class=\"attachment-full size-full\" alt=\"\" srcset=\"https:\/\/archive.sana.sy\/tr\/wp-content\/uploads\/2020\/05\/2-260.jpg 660w, https:\/\/archive.sana.sy\/tr\/wp-content\/uploads\/2020\/05\/2-260-300x200.jpg 300w, https:\/\/archive.sana.sy\/tr\/wp-content\/uploads\/2020\/05\/2-260-150x100.jpg 150w\" sizes=\"auto, (max-width: 660px) 100vw, 660px\" \/><\/a>\n\t\t\t<\/div><\/figure><figure class='gallery-item'>\n\t\t\t<div class='gallery-icon landscape'>\n\t\t\t\t<a href='https:\/\/archive.sana.sy\/tr\/wp-content\/uploads\/2020\/05\/4-167.jpg'><img loading=\"lazy\" decoding=\"async\" width=\"660\" height=\"457\" src=\"https:\/\/archive.sana.sy\/tr\/wp-content\/uploads\/2020\/05\/4-167.jpg\" class=\"attachment-full size-full\" alt=\"\" srcset=\"https:\/\/archive.sana.sy\/tr\/wp-content\/uploads\/2020\/05\/4-167.jpg 660w, https:\/\/archive.sana.sy\/tr\/wp-content\/uploads\/2020\/05\/4-167-300x208.jpg 300w, https:\/\/archive.sana.sy\/tr\/wp-content\/uploads\/2020\/05\/4-167-150x104.jpg 150w, https:\/\/archive.sana.sy\/tr\/wp-content\/uploads\/2020\/05\/4-167-110x75.jpg 110w\" sizes=\"auto, (max-width: 660px) 100vw, 660px\" \/><\/a>\n\t\t\t<\/div><\/figure><figure class='gallery-item'>\n\t\t\t<div class='gallery-icon landscape'>\n\t\t\t\t<a href='https:\/\/archive.sana.sy\/tr\/wp-content\/uploads\/2020\/05\/photo_2020-05-20_21-55-42-scaled-1.jpg'><img loading=\"lazy\" decoding=\"async\" width=\"2560\" height=\"1920\" src=\"https:\/\/archive.sana.sy\/tr\/wp-content\/uploads\/2020\/05\/photo_2020-05-20_21-55-42-scaled-1.jpg\" class=\"attachment-full size-full\" alt=\"\" srcset=\"https:\/\/archive.sana.sy\/tr\/wp-content\/uploads\/2020\/05\/photo_2020-05-20_21-55-42-scaled-1.jpg 2560w, https:\/\/archive.sana.sy\/tr\/wp-content\/uploads\/2020\/05\/photo_2020-05-20_21-55-42-scaled-1-300x225.jpg 300w, https:\/\/archive.sana.sy\/tr\/wp-content\/uploads\/2020\/05\/photo_2020-05-20_21-55-42-scaled-1-1024x768.jpg 1024w, https:\/\/archive.sana.sy\/tr\/wp-content\/uploads\/2020\/05\/photo_2020-05-20_21-55-42-scaled-1-150x113.jpg 150w, https:\/\/archive.sana.sy\/tr\/wp-content\/uploads\/2020\/05\/photo_2020-05-20_21-55-42-scaled-1-768x576.jpg 768w, https:\/\/archive.sana.sy\/tr\/wp-content\/uploads\/2020\/05\/photo_2020-05-20_21-55-42-scaled-1-1536x1152.jpg 1536w, https:\/\/archive.sana.sy\/tr\/wp-content\/uploads\/2020\/05\/photo_2020-05-20_21-55-42-scaled-1-2048x1536.jpg 2048w\" sizes=\"auto, (max-width: 2560px) 100vw, 2560px\" \/><\/a>\n\t\t\t<\/div><\/figure><figure class='gallery-item'>\n\t\t\t<div class='gallery-icon landscape'>\n\t\t\t\t<a href='https:\/\/archive.sana.sy\/tr\/wp-content\/uploads\/2020\/05\/1-353.jpg'><img loading=\"lazy\" decoding=\"async\" width=\"660\" height=\"440\" src=\"https:\/\/archive.sana.sy\/tr\/wp-content\/uploads\/2020\/05\/1-353.jpg\" class=\"attachment-full size-full\" alt=\"\" srcset=\"https:\/\/archive.sana.sy\/tr\/wp-content\/uploads\/2020\/05\/1-353.jpg 660w, https:\/\/archive.sana.sy\/tr\/wp-content\/uploads\/2020\/05\/1-353-300x200.jpg 300w, https:\/\/archive.sana.sy\/tr\/wp-content\/uploads\/2020\/05\/1-353-150x100.jpg 150w\" sizes=\"auto, (max-width: 660px) 100vw, 660px\" \/><\/a>\n\t\t\t<\/div><\/figure>\n\t\t<\/div>\n\n","protected":false},"excerpt":{"rendered":"<p>\u015eAM &#8211; Suriye&#8217;ye kar\u015f\u0131 ter\u00f6rist sava\u015f\u0131n ba\u015flang\u0131c\u0131ndan bu yana Bat\u0131 medyas\u0131 taraf\u0131ndan uygulanan medya yanl\u0131\u015f bilgilendirme kampanyas\u0131 siyasette, sahada ve ekonomide de devam ediyor, sistematik bir yanl\u0131\u015f bilgilendirme kampanyas\u0131yla hedeflenen Suriye dramas\u0131 da nasibini ald\u0131. Bug\u00fcn yeni olan, Bat\u0131 medyas\u0131n\u0131n ve d\u00fc\u015fman ittifak\u0131ndan arkas\u0131nda duranlar\u0131n Suriye dramas\u0131n\u0131 hedefleyerek Suriye&#8217;yi, \u00f6zellikle b\u00f6l\u00fcmleri Suriye&#8217;de ve yurtd\u0131\u015f\u0131nda y\u00fcksek &hellip;<\/p>\n","protected":false},"author":1,"featured_media":209622,"comment_status":"closed","ping_status":"closed","sticky":false,"template":"","format":"standard","meta":{"footnotes":""},"categories":[458,479,459,17988,478],"tags":[],"class_list":["post-209621","post","type-post","status-publish","format-standard","has-post-thumbnail","","category-dunya1","category-haberler-yerel","category-haberler-arap-uluslararasi-politika","category-son-haberler","category-yerel"],"_links":{"self":[{"href":"https:\/\/archive.sana.sy\/tr\/index.php?rest_route=\/wp\/v2\/posts\/209621","targetHints":{"allow":["GET"]}}],"collection":[{"href":"https:\/\/archive.sana.sy\/tr\/index.php?rest_route=\/wp\/v2\/posts"}],"about":[{"href":"https:\/\/archive.sana.sy\/tr\/index.php?rest_route=\/wp\/v2\/types\/post"}],"author":[{"embeddable":true,"href":"https:\/\/archive.sana.sy\/tr\/index.php?rest_route=\/wp\/v2\/users\/1"}],"replies":[{"embeddable":true,"href":"https:\/\/archive.sana.sy\/tr\/index.php?rest_route=%2Fwp%2Fv2%2Fcomments&post=209621"}],"version-history":[{"count":0,"href":"https:\/\/archive.sana.sy\/tr\/index.php?rest_route=\/wp\/v2\/posts\/209621\/revisions"}],"wp:featuredmedia":[{"embeddable":true,"href":"https:\/\/archive.sana.sy\/tr\/index.php?rest_route=\/wp\/v2\/media\/209622"}],"wp:attachment":[{"href":"https:\/\/archive.sana.sy\/tr\/index.php?rest_route=%2Fwp%2Fv2%2Fmedia&parent=209621"}],"wp:term":[{"taxonomy":"category","embeddable":true,"href":"https:\/\/archive.sana.sy\/tr\/index.php?rest_route=%2Fwp%2Fv2%2Fcategories&post=209621"},{"taxonomy":"post_tag","embeddable":true,"href":"https:\/\/archive.sana.sy\/tr\/index.php?rest_route=%2Fwp%2Fv2%2Ftags&post=209621"}],"curies":[{"name":"wp","href":"https:\/\/api.w.org\/{rel}","templated":true}]}}