{"id":209624,"date":"2020-05-21T00:15:31","date_gmt":"2020-05-20T21:15:31","guid":{"rendered":"http:\/\/www.sana.sy\/tr\/?p=209624"},"modified":"2020-05-22T08:13:03","modified_gmt":"2020-05-22T05:13:03","slug":"suriyeli-multeciler-turkiyedeki-organ-kacakciligi-sebekelerinin-kurbani","status":"publish","type":"post","link":"https:\/\/archive.sana.sy\/tr\/?p=209624","title":{"rendered":"Suriyeli M\u00fclteciler T\u00fcrkiye&#8217;deki Organ Ka\u00e7ak\u00e7\u0131l\u0131\u011f\u0131 \u015eebekelerinin Kurban\u0131"},"content":{"rendered":"<p style=\"text-align: justify;\">ANKARA &#8211; T\u00fcrkiye&#8217;deki bir\u00e7ok Suriyeli m\u00fclteci, T\u00fcrkiye&#8217;de da\u011f\u0131lm\u0131\u015f insan organlar\u0131n\u0131n insan ticareti a\u011flar\u0131na kurban d\u00fc\u015ft\u00fc. \u00d6yle ki maddi ihtiya\u00e7lar\u0131 ve evlerinin kiralar\u0131n\u0131 \u00f6dememeleri istismar edilerek b\u00fcy\u00fck bir doland\u0131r\u0131c\u0131l\u0131k eylemiyle organlar\u0131n\u0131 satmalar\u0131 i\u00e7in kullan\u0131l\u0131yor.<\/p>\n<p style=\"text-align: justify;\">Amerikan CBS kanal\u0131, bu s\u00fcre zarf\u0131nda, sadece yar\u0131s\u0131n\u0131n \u00f6dendi\u011fi mebla\u011flar kar\u015f\u0131l\u0131\u011f\u0131nda organlar\u0131n\u0131 organ ka\u00e7ak\u00e7\u0131l\u0131\u011f\u0131 \u015febekelerine sat\u0131mada sahtekarl\u0131\u011fa maruz kalan baz\u0131 Suriyeli m\u00fclteciyle g\u00f6r\u00fc\u015ft\u00fc\u011f\u00fc bir video ve rapor yay\u0131nlad\u0131.<\/p>\n<p style=\"text-align: justify;\">&#8220;Hayatta kalmak i\u00e7in organ sat\u0131\u015f\u0131&#8221; ba\u015fl\u0131\u011f\u0131 alt\u0131nda yay\u0131nlad\u0131\u011f\u0131 videoda \u015febeke, m\u00fcltecilere b\u00f6brekler ve karaci\u011ferlerine kar\u015f\u0131l\u0131k paralar ald\u0131klar\u0131 yay\u0131nlar\u0131yla b\u00fcy\u00fck ses getirdi, ara\u015ft\u0131rmalar\u0131n T\u00fcrk simsarlar\u0131 taraf\u0131ndan i\u015fletilen organlar\u0131n sat\u0131\u015f\u0131yla ilgili trajik hikayelerin ke\u015ffedilmesine yol a\u00e7t\u0131\u011f\u0131n\u0131, organ ka\u00e7ak\u00e7\u0131l\u0131\u011f\u0131 a\u011flar\u0131n\u0131n hala b\u00fcy\u00fck \u00f6l\u00e7ekte faaliyet g\u00f6sterdi\u011fini, k\u00f6t\u00fc ko\u015fullarda ya\u015fayan ve s\u00f6m\u00fcr\u00fcye maruz kalan Suriyeli m\u00fcltecilerin \u00e7ekti\u011fi ac\u0131larla ticaret yapt\u0131\u011f\u0131n\u0131 belirtiyor.<\/p>\n<p style=\"text-align: justify;\">Suriyeli m\u00fcltecilerden biri, Amerikan istasyonuna ciddi mali s\u0131k\u0131nt\u0131lar \u00e7ekti\u011fini a\u00e7\u0131kl\u0131yor, bu da bir \u00fcyenin arac\u0131lar\u0131ndan biri ile b\u00f6breklerinden birini 10.000 dolara satmas\u0131 i\u00e7in bir anla\u015fma yapmas\u0131na neden oldu\u011funu, ancak sonunda ileti\u015fim kurdu\u011fu t\u00fcm ileti\u015fim hatlar\u0131n\u0131 kesen komisyonun miktar\u0131n\u0131n sadece yar\u0131s\u0131n\u0131 ald\u0131\u011f\u0131n\u0131 a\u00e7\u0131klarken, kanala g\u00f6re ba\u015fka bir kad\u0131n m\u00fclteci, iki y\u0131l boyunca kendisine \u00f6denen konut \u00fccretlerini almak i\u00e7in karaci\u011ferinin yar\u0131s\u0131n\u0131 satarken, kolej cerrahisi i\u00e7in herhangi bir t\u0131bbi sonras\u0131 bak\u0131m sa\u011flanmad\u0131\u011f\u0131n\u0131 dile getiriyor.<\/p>\n<p style=\"text-align: justify;\">Uluslararas\u0131 medyaya g\u00f6re, T\u00fcrkiye&#8217;de \u00e7ok say\u0131da insan organ\u0131 ticaretine ve medyada konu\u015fulmas\u0131na ra\u011fmen, bu a\u011flar\u0131n \u00e7al\u0131\u015fmaya devam etmesine ve T\u00fcrkiye&#8217;nin organ ticaretinde Avrupa&#8217;da ilk s\u0131rada yer ald\u0131\u011f\u0131 ve (\u0130srail)in Avustralyal\u0131 &#8220;Welk Free&#8221; kurumundan \u00e7\u0131kan rapora g\u00f6re, simsar rol\u00fc oynad\u0131\u011f\u0131n\u0131n\u0131n dikkat \u00e7ekici oldu\u011funu, British Broadcasting Corporation taraf\u0131ndan belirtildi\u011fi \u00fczere de, T\u00fcrkiye&#8217;nin, d\u00fcnyadaki simsarlar ticaret \u00fcyelerinin b\u00fcy\u00fck bir y\u00fczdesi varl\u0131\u011f\u0131nda (\u0130srail) deneyiminden yararland\u0131\u011f\u0131na i\u015faret etti.<\/p>\n<p style=\"text-align: justify;\">Suriyeli m\u00fcltecilerin organ ka\u00e7ak\u00e7\u0131l\u0131\u011f\u0131 \u015febekelerinin eline ge\u00e7mesi, T\u00fcrk rejiminin onlara kar\u015f\u0131 yapt\u0131klar\u0131n\u0131n sadece bir k\u0131sm\u0131. Erdo\u011fan, Avrupa&#8217;ya d\u00fczenledi\u011fi mali \u015fantajla birlikte, i\u00e7 se\u00e7im pazarl\u0131\u011f\u0131ndan ba\u015flayarak, bunlardan onlarca ki\u015fiyi kendi emelleri i\u00e7in g\u00f6revlendirmesi yan\u0131 s\u0131ra Libya&#8217;daki d\u0131\u015f sava\u015flar\u0131nda paral\u0131 askerleri i\u015fe almaya zorlamaktan, h\u0131rslar\u0131n\u0131 ger\u00e7ekle\u015ftirme ba\u011flam\u0131nda, \u00f6zellikle de T\u00fcrk medya sitelerinin a\u00e7\u0131klad\u0131\u011f\u0131 bilgilere g\u00f6re SADAT \u015firketinin Erdo\u011fan&#8217;\u0131n en \u00f6nemli g\u00fcvenlik koluna d\u00f6n\u00fc\u015fmesine kadar, Suriyelilerin ac\u0131lar\u0131n\u0131 kullanmaktan \u00e7ekinmedi.<\/p>\n<p style=\"text-align: justify;\">T\u00fcrk analizciler Erdo\u011fan&#8217;\u0131n Suriyeli m\u00fclteciler konusuna insanl\u0131k a\u00e7\u0131s\u0131ndan bakmad\u0131\u011f\u0131n\u0131 bilakis Suriye topraklar\u0131 ve Libya&#8217;da Osmanl\u0131c\u0131 tutkular\u0131n\u0131 uluslararas\u0131 finansal \u015fantaj i\u00e7in yerine getirme f\u0131rsat\u0131 olarak de\u011ferlendirdi\u011fini s\u00f6yl\u00fcyor.<\/p>\n","protected":false},"excerpt":{"rendered":"<p>ANKARA &#8211; T\u00fcrkiye&#8217;deki bir\u00e7ok Suriyeli m\u00fclteci, T\u00fcrkiye&#8217;de da\u011f\u0131lm\u0131\u015f insan organlar\u0131n\u0131n insan ticareti a\u011flar\u0131na kurban d\u00fc\u015ft\u00fc. \u00d6yle ki maddi ihtiya\u00e7lar\u0131 ve evlerinin kiralar\u0131n\u0131 \u00f6dememeleri istismar edilerek b\u00fcy\u00fck bir doland\u0131r\u0131c\u0131l\u0131k eylemiyle organlar\u0131n\u0131 satmalar\u0131 i\u00e7in kullan\u0131l\u0131yor. Amerikan CBS kanal\u0131, bu s\u00fcre zarf\u0131nda, sadece yar\u0131s\u0131n\u0131n \u00f6dendi\u011fi mebla\u011flar kar\u015f\u0131l\u0131\u011f\u0131nda organlar\u0131n\u0131 organ ka\u00e7ak\u00e7\u0131l\u0131\u011f\u0131 \u015febekelerine sat\u0131mada sahtekarl\u0131\u011fa maruz kalan baz\u0131 Suriyeli m\u00fclteciyle &hellip;<\/p>\n","protected":false},"author":1,"featured_media":209625,"comment_status":"closed","ping_status":"closed","sticky":false,"template":"","format":"standard","meta":{"footnotes":""},"categories":[458,459,17988,2554,2555],"tags":[],"class_list":["post-209624","post","type-post","status-publish","format-standard","has-post-thumbnail","","category-dunya1","category-haberler-arap-uluslararasi-politika","category-son-haberler","category-suriye-ve-dunya","category-suriye-ve-turkiye"],"_links":{"self":[{"href":"https:\/\/archive.sana.sy\/tr\/index.php?rest_route=\/wp\/v2\/posts\/209624","targetHints":{"allow":["GET"]}}],"collection":[{"href":"https:\/\/archive.sana.sy\/tr\/index.php?rest_route=\/wp\/v2\/posts"}],"about":[{"href":"https:\/\/archive.sana.sy\/tr\/index.php?rest_route=\/wp\/v2\/types\/post"}],"author":[{"embeddable":true,"href":"https:\/\/archive.sana.sy\/tr\/index.php?rest_route=\/wp\/v2\/users\/1"}],"replies":[{"embeddable":true,"href":"https:\/\/archive.sana.sy\/tr\/index.php?rest_route=%2Fwp%2Fv2%2Fcomments&post=209624"}],"version-history":[{"count":0,"href":"https:\/\/archive.sana.sy\/tr\/index.php?rest_route=\/wp\/v2\/posts\/209624\/revisions"}],"wp:featuredmedia":[{"embeddable":true,"href":"https:\/\/archive.sana.sy\/tr\/index.php?rest_route=\/wp\/v2\/media\/209625"}],"wp:attachment":[{"href":"https:\/\/archive.sana.sy\/tr\/index.php?rest_route=%2Fwp%2Fv2%2Fmedia&parent=209624"}],"wp:term":[{"taxonomy":"category","embeddable":true,"href":"https:\/\/archive.sana.sy\/tr\/index.php?rest_route=%2Fwp%2Fv2%2Fcategories&post=209624"},{"taxonomy":"post_tag","embeddable":true,"href":"https:\/\/archive.sana.sy\/tr\/index.php?rest_route=%2Fwp%2Fv2%2Ftags&post=209624"}],"curies":[{"name":"wp","href":"https:\/\/api.w.org\/{rel}","templated":true}]}}