{"id":209627,"date":"2020-05-21T00:22:19","date_gmt":"2020-05-20T21:22:19","guid":{"rendered":"http:\/\/www.sana.sy\/tr\/?p=209627"},"modified":"2020-05-23T08:25:06","modified_gmt":"2020-05-23T05:25:06","slug":"ticari-ve-hizmet-mesleklerine-bayram-tatilinin-sonuna-kadar-aksam-saat-7ye-kadar-calisma-izni-verdi","status":"publish","type":"post","link":"https:\/\/archive.sana.sy\/tr\/?p=209627","title":{"rendered":"Ticari ve Hizmet Mesleklerine Bayram Tatilinin Sonuna Kadar Ak\u015fam Saat 7&#8217;ye Kadar \u00c7al\u0131\u015fma \u0130zni Verdi"},"content":{"rendered":"<p style=\"text-align: justify;\">\u015eAM &#8211; Yerel Y\u00f6netim ve \u00c7evre Bakanl\u0131\u011f\u0131 bug\u00fcn, ge\u00e7en ay\u0131n 19&#8217;unda t\u00fcm ticari ve hizmet mesleklerinin ak\u015fam 5&#8217;e kadar kepenk a\u00e7mas\u0131 yerine ak\u015fam saat 7&#8217;ye kadar \u00e7al\u0131\u015fmas\u0131na izin veren bir karar \u00e7\u0131kard\u0131.<\/p>\n<p style=\"text-align: justify;\">Bakanl\u0131k, Sana&#8217;n\u0131n bug\u00fcn bir kopyas\u0131n\u0131 ald\u0131\u011f\u0131 karar\u0131nda, Ramazan Bayram\u0131&#8217;n\u0131n yakla\u015fmas\u0131, vatanda\u015flar\u0131n hareketini kolayla\u015ft\u0131rmak ve t\u0131kan\u0131kl\u0131\u011f\u0131 azaltmak m\u00fcnasebetiyle geldi\u011fini belirterek, karar\u0131n bug\u00fcnden itibaren 22 May\u0131s Cuma g\u00fcn\u00fc de dahil olmak \u00fczere Ramazan Bayram\u0131 tatilinin sonuna kadar uygulanaca\u011f\u0131n\u0131 a\u00e7\u0131klad\u0131.<\/p>\n<p style=\"text-align: justify;\">Bakanl\u0131k, karar\u0131nda halk sa\u011fl\u0131\u011f\u0131n\u0131n korunmas\u0131 gerekliliklerine uyulmas\u0131 gerekti\u011fini vurgulad\u0131.<\/p>\n","protected":false},"excerpt":{"rendered":"<p>\u015eAM &#8211; Yerel Y\u00f6netim ve \u00c7evre Bakanl\u0131\u011f\u0131 bug\u00fcn, ge\u00e7en ay\u0131n 19&#8217;unda t\u00fcm ticari ve hizmet mesleklerinin ak\u015fam 5&#8217;e kadar kepenk a\u00e7mas\u0131 yerine ak\u015fam saat 7&#8217;ye kadar \u00e7al\u0131\u015fmas\u0131na izin veren bir karar \u00e7\u0131kard\u0131. Bakanl\u0131k, Sana&#8217;n\u0131n bug\u00fcn bir kopyas\u0131n\u0131 ald\u0131\u011f\u0131 karar\u0131nda, Ramazan Bayram\u0131&#8217;n\u0131n yakla\u015fmas\u0131, vatanda\u015flar\u0131n hareketini kolayla\u015ft\u0131rmak ve t\u0131kan\u0131kl\u0131\u011f\u0131 azaltmak m\u00fcnasebetiyle geldi\u011fini belirterek, karar\u0131n bug\u00fcnden itibaren 22 &hellip;<\/p>\n","protected":false},"author":1,"featured_media":209628,"comment_status":"closed","ping_status":"closed","sticky":false,"template":"","format":"standard","meta":{"footnotes":""},"categories":[526,479,17988,525,478],"tags":[],"class_list":["post-209627","post","type-post","status-publish","format-standard","has-post-thumbnail","","category-haber-ve-raporlar","category-haberler-yerel","category-son-haberler","category-toplum","category-yerel"],"_links":{"self":[{"href":"https:\/\/archive.sana.sy\/tr\/index.php?rest_route=\/wp\/v2\/posts\/209627","targetHints":{"allow":["GET"]}}],"collection":[{"href":"https:\/\/archive.sana.sy\/tr\/index.php?rest_route=\/wp\/v2\/posts"}],"about":[{"href":"https:\/\/archive.sana.sy\/tr\/index.php?rest_route=\/wp\/v2\/types\/post"}],"author":[{"embeddable":true,"href":"https:\/\/archive.sana.sy\/tr\/index.php?rest_route=\/wp\/v2\/users\/1"}],"replies":[{"embeddable":true,"href":"https:\/\/archive.sana.sy\/tr\/index.php?rest_route=%2Fwp%2Fv2%2Fcomments&post=209627"}],"version-history":[{"count":0,"href":"https:\/\/archive.sana.sy\/tr\/index.php?rest_route=\/wp\/v2\/posts\/209627\/revisions"}],"wp:featuredmedia":[{"embeddable":true,"href":"https:\/\/archive.sana.sy\/tr\/index.php?rest_route=\/wp\/v2\/media\/209628"}],"wp:attachment":[{"href":"https:\/\/archive.sana.sy\/tr\/index.php?rest_route=%2Fwp%2Fv2%2Fmedia&parent=209627"}],"wp:term":[{"taxonomy":"category","embeddable":true,"href":"https:\/\/archive.sana.sy\/tr\/index.php?rest_route=%2Fwp%2Fv2%2Fcategories&post=209627"},{"taxonomy":"post_tag","embeddable":true,"href":"https:\/\/archive.sana.sy\/tr\/index.php?rest_route=%2Fwp%2Fv2%2Ftags&post=209627"}],"curies":[{"name":"wp","href":"https:\/\/api.w.org\/{rel}","templated":true}]}}