{"id":209633,"date":"2020-05-21T00:47:00","date_gmt":"2020-05-20T21:47:00","guid":{"rendered":"http:\/\/www.sana.sy\/tr\/?p=209633"},"modified":"2020-05-23T08:22:52","modified_gmt":"2020-05-23T05:22:52","slug":"saglik-bakanligi-disaridan-gelenler-uzerinde-1500-test-uyguladik-zalim-icraatlar-sebebiyle-test-kitlerini-temin-etmede-zorlaniyoruz","status":"publish","type":"post","link":"https:\/\/archive.sana.sy\/tr\/?p=209633","title":{"rendered":"Sa\u011fl\u0131k Bakanl\u0131\u011f\u0131: D\u0131\u015far\u0131dan Gelenler \u00dczerinde 1500 Test Uygulad\u0131k. Zalim \u0130craatlar Sebebiyle Test Kitlerini Temin Etmede Zorlan\u0131yoruz"},"content":{"rendered":"<p style=\"text-align: justify;\">\u015eAM &#8211; Sa\u011fl\u0131k Bakanl\u0131\u011f\u0131, yirmi g\u00fcnden bu yana yerel hi\u00e7bir korona vir\u00fcs\u00fc vakas\u0131n\u0131n tescil edilmedi\u011fini bu d\u00f6nemde tescil edilen vakalar\u0131n yurt d\u0131\u015f\u0131ndan gelen Suriyelilerle s\u0131n\u0131rl\u0131 oldu\u011funu belirtti.<\/p>\n<p style=\"text-align: justify;\">Bakanl\u0131k bug\u00fcn Bula\u015f\u0131c\u0131 ve Kronik Hastal\u0131klar M\u00fcd\u00fcr Yard\u0131mc\u0131s\u0131 Dr. At\u0131f el Tavil taraf\u0131ndan okunan beyanda, Karantina merkezlerinden ayr\u0131lanlar\u0131n say\u0131s\u0131n\u0131n Suriye Havayollar\u0131 arac\u0131l\u0131\u011f\u0131yla son d\u00f6nemde gelen 2270 ki\u015fiden 1156&#8217;ya ula\u015ft\u0131\u011f\u0131n\u0131 s\u00f6yledi.<\/p>\n<p style=\"text-align: justify;\">Bakanl\u0131k, yapt\u0131\u011f\u0131 a\u00e7\u0131klamada, karantina merkezlerindeki sa\u011fl\u0131k ekiplerinin, vir\u00fcs\u00fcn laboratuvar te\u015fhisi i\u00e7in kitlerin mevcudiyetine g\u00f6re sonu\u00e7lar\u0131n\u0131 g\u00f6steren, Suriye&#8217;ye uygulanan tek tarafl\u0131 ekonomik zorlay\u0131c\u0131 \u00f6nlemlerin bir sonucu olarak bunlar\u0131 temin etmekte zorland\u0131klar\u0131n\u0131 belirterek yurt d\u0131\u015f\u0131ndan gelen 1500 ki\u015fiye test yap\u0131ld\u0131\u011f\u0131na dikkat \u00e7ekti.<\/p>\n<p style=\"text-align: justify;\">Bakanl\u0131k, karantina merkez sakinleri i\u00e7in t\u0131bbi hizmetleri, \u00fc\u00e7 g\u00fcnl\u00fck bir \u0131s\u0131 testi i\u00e7eren, kronik durumlar\u0131 ve kronik hastalar\u0131 izleyen ve ila\u00e7 sa\u011flamak ya da laboratuvar te\u015fhisi i\u00e7in burun bezleri eklemek gerekti\u011finde hastaneye sevk etmek \u00fczere bulunan t\u0131bbi ekipler arac\u0131l\u0131\u011f\u0131yla sa\u011flamaya \u00e7al\u0131\u015ft\u0131\u011f\u0131n\u0131 belirterek, Devlet kurumlar\u0131n\u0131n geri kalan\u0131n\u0131n, bu merkezlerin sakinlerine b\u00f6cek ilac\u0131 temizlemenin ve p\u00fcsk\u00fcrtmenin yan\u0131 s\u0131ra konut hizmetleri, g\u0131da ve ki\u015fisel bak\u0131m malzemeleri de sundu\u011funu s\u00f6yledi.<\/p>\n<p style=\"text-align: justify;\">Ekonomik ve hizmet faaliyetlerinin kademeli olarak a\u00e7\u0131lmas\u0131yla Bakanl\u0131k vatanda\u015flara sosyal uzakla\u015fma, hijyen, \u00f6ks\u00fcrme ve hap\u015f\u0131rma ile ilgili talimatlar\u0131 ihmal etmemelerini, ya\u015fl\u0131 ve kronik hastalar\u0131n evden \u00e7\u0131kmamalar\u0131n\u0131 ve zorunluluk d\u0131\u015f\u0131nda kalabal\u0131k yerlerde bulunmamalar\u0131n\u0131 istedi.<\/p>\n<p style=\"text-align: justify;\">Ramazan Bayram\u0131n\u0131n yakla\u015fmas\u0131yla birlikte Bakanl\u0131k, vatanda\u015flar\u0131 toplant\u0131lardan ka\u00e7\u0131nmaya, \u00f6zellikle solunum semptomlar\u0131 hisseden vatanda\u015flar\u0131, sar\u0131lmadan ka\u00e7\u0131nmaya ve sadece telefon veya sosyal medya \u00fczerinden aile ve arkada\u015flarla selamla\u015fmak ve ileti\u015fim kurmak, a\u00e7\u0131k ve \u015f\u00fcpheli yiyecekler yemekten ka\u00e7\u0131nmaya \u00e7a\u011f\u0131rd\u0131.<\/p>\n","protected":false},"excerpt":{"rendered":"<p>\u015eAM &#8211; Sa\u011fl\u0131k Bakanl\u0131\u011f\u0131, yirmi g\u00fcnden bu yana yerel hi\u00e7bir korona vir\u00fcs\u00fc vakas\u0131n\u0131n tescil edilmedi\u011fini bu d\u00f6nemde tescil edilen vakalar\u0131n yurt d\u0131\u015f\u0131ndan gelen Suriyelilerle s\u0131n\u0131rl\u0131 oldu\u011funu belirtti. Bakanl\u0131k bug\u00fcn Bula\u015f\u0131c\u0131 ve Kronik Hastal\u0131klar M\u00fcd\u00fcr Yard\u0131mc\u0131s\u0131 Dr. At\u0131f el Tavil taraf\u0131ndan okunan beyanda, Karantina merkezlerinden ayr\u0131lanlar\u0131n say\u0131s\u0131n\u0131n Suriye Havayollar\u0131 arac\u0131l\u0131\u011f\u0131yla son d\u00f6nemde gelen 2270 ki\u015fiden 1156&#8217;ya &hellip;<\/p>\n","protected":false},"author":1,"featured_media":209634,"comment_status":"closed","ping_status":"closed","sticky":false,"template":"","format":"standard","meta":{"footnotes":""},"categories":[479,17988,478],"tags":[],"class_list":["post-209633","post","type-post","status-publish","format-standard","has-post-thumbnail","","category-haberler-yerel","category-son-haberler","category-yerel"],"_links":{"self":[{"href":"https:\/\/archive.sana.sy\/tr\/index.php?rest_route=\/wp\/v2\/posts\/209633","targetHints":{"allow":["GET"]}}],"collection":[{"href":"https:\/\/archive.sana.sy\/tr\/index.php?rest_route=\/wp\/v2\/posts"}],"about":[{"href":"https:\/\/archive.sana.sy\/tr\/index.php?rest_route=\/wp\/v2\/types\/post"}],"author":[{"embeddable":true,"href":"https:\/\/archive.sana.sy\/tr\/index.php?rest_route=\/wp\/v2\/users\/1"}],"replies":[{"embeddable":true,"href":"https:\/\/archive.sana.sy\/tr\/index.php?rest_route=%2Fwp%2Fv2%2Fcomments&post=209633"}],"version-history":[{"count":0,"href":"https:\/\/archive.sana.sy\/tr\/index.php?rest_route=\/wp\/v2\/posts\/209633\/revisions"}],"wp:featuredmedia":[{"embeddable":true,"href":"https:\/\/archive.sana.sy\/tr\/index.php?rest_route=\/wp\/v2\/media\/209634"}],"wp:attachment":[{"href":"https:\/\/archive.sana.sy\/tr\/index.php?rest_route=%2Fwp%2Fv2%2Fmedia&parent=209633"}],"wp:term":[{"taxonomy":"category","embeddable":true,"href":"https:\/\/archive.sana.sy\/tr\/index.php?rest_route=%2Fwp%2Fv2%2Fcategories&post=209633"},{"taxonomy":"post_tag","embeddable":true,"href":"https:\/\/archive.sana.sy\/tr\/index.php?rest_route=%2Fwp%2Fv2%2Ftags&post=209633"}],"curies":[{"name":"wp","href":"https:\/\/api.w.org\/{rel}","templated":true}]}}