{"id":20973,"date":"2015-01-17T11:55:16","date_gmt":"2015-01-17T09:55:16","guid":{"rendered":"http:\/\/sana.sy\/tr\/?p=20973"},"modified":"2015-01-17T12:00:00","modified_gmt":"2015-01-17T10:00:00","slug":"pentagon-ozel-egitim-kamplarinda-iliman-muhalefeti-egitmek-icin-bin-asker-gonderiyor","status":"publish","type":"post","link":"https:\/\/archive.sana.sy\/tr\/?p=20973","title":{"rendered":"Pentagon, \u00d6zel E\u011fitim Kamplar\u0131nda \u201cIl\u0131man Muhalefeti\u201d E\u011fitmek \u0130\u00e7in Bin Asker G\u00f6nderiyor"},"content":{"rendered":"<p>WASH\u0130NGTON \u2013 Amerika Savunma Bakanl\u0131\u011f\u0131 \u201cPentagon\u201d, Suudi Arabistan, Katar ve T\u00fcrkiye\u2019nin ev sahipli\u011fini yapt\u0131\u011f\u0131 \u00f6zel kamlarda kendi taraftar\u0131 olan ter\u00f6ristleri e\u011fitmek \u00fczere en az bin asker g\u00f6nderme azminde oldu\u011funu ve bu \u00e7\u0131karma i\u015fleminin 4-6 hafta i\u00e7erisinde ger\u00e7ekle\u015febilece\u011fini ilan etti.<\/p>\n<p>Amerikan ordusu daha \u00f6ncede s\u00f6zde Suriye\u2019deki \u201c\u0131l\u0131man muhalefet\u201d olarak bilinen ter\u00f6ristleri e\u011fitmek i\u00e7in \u00f6zel kuvvetlerden subaylar\u0131nda bulundu\u011fu 400\u2019den fazla asker g\u00f6nderece\u011fini bunlara ek olarak Amerikan destek g\u00fcc\u00fcnden bir ka\u00e7 y\u00fcz ki\u015finin daha refakat edeceklerini ilan etmi\u015fti.<\/p>\n<p>Reuters Pentagon s\u00f6zc\u00fcs\u00fc John Kerby\u2019den naklen, e\u011fitilmi\u015f olan baz\u0131lar\u0131n\u0131n destek g\u00fc\u00e7leriyle birlikte yakla\u015f\u0131k bir hafta sonra hareket etme emrinin \u00e7\u0131kabilece\u011fini, yakla\u015f\u0131k 4 -6 hafta i\u00e7erisinde de e\u011fitim g\u00f6revlerini yapacaklar\u0131 \u00fclkelere do\u011fru y\u00f6nelmeye ba\u015flayacaklar\u0131n\u0131 ifade etti\u011fini s\u00f6yledi.<\/p>\n<p>Kerby ayr\u0131ca, e\u011fitimlere ev sahipli\u011fi yapan baz\u0131 \u00fclkelerden y\u00fczlerce yabanc\u0131 askeri g\u00fcc\u00fcn bu e\u011fitimlere kat\u0131lmas\u0131n\u0131n beklendi\u011fini ifade ederek isim vermekten ka\u00e7\u0131nd\u0131. Bilinece\u011fi \u00fczere T\u00fcrkiye, Katar ve Suudi Arabistan e\u011fitim mevkilerine ev sahipli\u011fi yapma \u00f6nerisinde bulunmu\u015flard\u0131.<\/p>\n<p>Kerby, e\u011fitim operasyonlar\u0131n\u0131n ilkbaharla birlikte ba\u015flamas\u0131 halinde bir ka\u00e7 ay s\u00fcrebilece\u011fini, muhalefet \u00fcyelerinden baz\u0131lar\u0131n\u0131n bu y\u0131l\u0131n sona ermeden \u00e7at\u0131\u015fmalara kat\u0131lmak \u00fczere Suriye\u2019ye d\u00f6nebilece\u011fini s\u00f6yledi.<\/p>\n<p>SS<\/p>\n","protected":false},"excerpt":{"rendered":"<p>WASH\u0130NGTON \u2013 Amerika Savunma Bakanl\u0131\u011f\u0131 \u201cPentagon\u201d, Suudi Arabistan, Katar ve T\u00fcrkiye\u2019nin ev sahipli\u011fini yapt\u0131\u011f\u0131 \u00f6zel kamlarda kendi taraftar\u0131 olan ter\u00f6ristleri e\u011fitmek \u00fczere en az bin asker g\u00f6nderme azminde oldu\u011funu ve bu \u00e7\u0131karma i\u015fleminin 4-6 hafta i\u00e7erisinde ger\u00e7ekle\u015febilece\u011fini ilan etti. Amerikan ordusu daha \u00f6ncede s\u00f6zde Suriye\u2019deki \u201c\u0131l\u0131man muhalefet\u201d olarak bilinen ter\u00f6ristleri e\u011fitmek i\u00e7in \u00f6zel kuvvetlerden subaylar\u0131nda &hellip;<\/p>\n","protected":false},"author":1,"featured_media":20974,"comment_status":"closed","ping_status":"closed","sticky":false,"template":"","format":"standard","meta":{"footnotes":""},"categories":[458,459,447,2554,2555],"tags":[10154,2624],"class_list":["post-20973","post","type-post","status-publish","format-standard","has-post-thumbnail","","category-dunya1","category-haberler-arap-uluslararasi-politika","category-politika","category-suriye-ve-dunya","category-suriye-ve-turkiye","tag-ozel-egitim-kamplarinda-iliman-muhalefeti-egitmek-icin-bin-asker-gonderiyor","tag-pentagon"],"_links":{"self":[{"href":"https:\/\/archive.sana.sy\/tr\/index.php?rest_route=\/wp\/v2\/posts\/20973","targetHints":{"allow":["GET"]}}],"collection":[{"href":"https:\/\/archive.sana.sy\/tr\/index.php?rest_route=\/wp\/v2\/posts"}],"about":[{"href":"https:\/\/archive.sana.sy\/tr\/index.php?rest_route=\/wp\/v2\/types\/post"}],"author":[{"embeddable":true,"href":"https:\/\/archive.sana.sy\/tr\/index.php?rest_route=\/wp\/v2\/users\/1"}],"replies":[{"embeddable":true,"href":"https:\/\/archive.sana.sy\/tr\/index.php?rest_route=%2Fwp%2Fv2%2Fcomments&post=20973"}],"version-history":[{"count":0,"href":"https:\/\/archive.sana.sy\/tr\/index.php?rest_route=\/wp\/v2\/posts\/20973\/revisions"}],"wp:featuredmedia":[{"embeddable":true,"href":"https:\/\/archive.sana.sy\/tr\/index.php?rest_route=\/wp\/v2\/media\/20974"}],"wp:attachment":[{"href":"https:\/\/archive.sana.sy\/tr\/index.php?rest_route=%2Fwp%2Fv2%2Fmedia&parent=20973"}],"wp:term":[{"taxonomy":"category","embeddable":true,"href":"https:\/\/archive.sana.sy\/tr\/index.php?rest_route=%2Fwp%2Fv2%2Fcategories&post=20973"},{"taxonomy":"post_tag","embeddable":true,"href":"https:\/\/archive.sana.sy\/tr\/index.php?rest_route=%2Fwp%2Fv2%2Ftags&post=20973"}],"curies":[{"name":"wp","href":"https:\/\/api.w.org\/{rel}","templated":true}]}}