{"id":20977,"date":"2015-01-17T12:37:11","date_gmt":"2015-01-17T10:37:11","guid":{"rendered":"http:\/\/sana.sy\/tr\/?p=20977"},"modified":"2015-01-17T12:42:00","modified_gmt":"2015-01-17T10:42:00","slug":"amerika-teror-orgutlerini-desteklemekle-suriyede-vekaletle-savas-atesini-yakti","status":"publish","type":"post","link":"https:\/\/archive.sana.sy\/tr\/?p=20977","title":{"rendered":"Amerika Ter\u00f6r \u00d6rg\u00fctlerini Desteklemekle Suriye\u2019de Vekaletle Sava\u015f Ate\u015fini Yakt\u0131"},"content":{"rendered":"<p>TAHRAN \u2013 \u0130ran \u015eura Meclisinde Ulusal G\u00fcvenlik ve D\u0131\u015f Politika Komitesi Ba\u015fkan\u0131 Alaaddin Brojerdi, Amerika\u2019n\u0131n Suriye\u2019de, Amerikan kamuoyunun \u00fclkelerinin ba\u015fka sava\u015flara girmesini reddetmesine nazaran ter\u00f6rist \u00f6rg\u00fctleri desteklemesi kanal\u0131yla, vekaleten sava\u015f ate\u015fini yakt\u0131\u011f\u0131n\u0131 s\u00f6yledi.<\/p>\n<p>\u0130ran Savunma Bakanl\u0131\u011f\u0131nda \u00fcst d\u00fczey m\u00fcd\u00fcrler \u00f6n\u00fcnde bug\u00fcn yapt\u0131\u011f\u0131 konu\u015fmada Brojerdi, Suriye\u2019ye kar\u015f\u0131 sava\u015fta yakla\u015f\u0131k 80 \u00fclkenin kat\u0131ld\u0131\u011f\u0131na i\u015faret ederek, bu do\u011frultuda I\u015e\u0130D ter\u00f6r \u00f6rg\u00fct\u00fc saflar\u0131na yakla\u015f\u0131k 1000 Frans\u0131z vatanda\u015f\u0131n\u0131n kat\u0131ld\u0131\u011f\u0131na dikkat \u00e7ekti.<\/p>\n<p>Brojerdi, \u0130slam alemindeki bat\u0131 politikas\u0131n\u0131n \u0130srail g\u00fcvenli\u011fini korumak i\u00e7in M\u00fcsl\u00fcmanlar\u0131 \u00f6ld\u00fcrme \u00fczerine kurulu oldu\u011funu belirterek, kendileri taraf\u0131ndan desteklenen ter\u00f6r \u00f6rg\u00fctlerinin muhakkak kendilerine de uzanaca\u011f\u0131n\u0131 ifade etti.<\/p>\n<p>Irak\u2019taki durumlarla ilgiliyse Brojerdi, Irakl\u0131lar\u0131n inisiyatifi ellerine ge\u00e7irmeye ve I\u015e\u0130D ter\u00f6r \u00e7etelerine hezimetler tatt\u0131rmaya ba\u015flad\u0131klar\u0131n\u0131 vurgulad\u0131.<\/p>\n<p>S. \u015e.<\/p>\n","protected":false},"excerpt":{"rendered":"<p>TAHRAN \u2013 \u0130ran \u015eura Meclisinde Ulusal G\u00fcvenlik ve D\u0131\u015f Politika Komitesi Ba\u015fkan\u0131 Alaaddin Brojerdi, Amerika\u2019n\u0131n Suriye\u2019de, Amerikan kamuoyunun \u00fclkelerinin ba\u015fka sava\u015flara girmesini reddetmesine nazaran ter\u00f6rist \u00f6rg\u00fctleri desteklemesi kanal\u0131yla, vekaleten sava\u015f ate\u015fini yakt\u0131\u011f\u0131n\u0131 s\u00f6yledi. \u0130ran Savunma Bakanl\u0131\u011f\u0131nda \u00fcst d\u00fczey m\u00fcd\u00fcrler \u00f6n\u00fcnde bug\u00fcn yapt\u0131\u011f\u0131 konu\u015fmada Brojerdi, Suriye\u2019ye kar\u015f\u0131 sava\u015fta yakla\u015f\u0131k 80 \u00fclkenin kat\u0131ld\u0131\u011f\u0131na i\u015faret ederek, bu do\u011frultuda &hellip;<\/p>\n","protected":false},"author":1,"featured_media":20978,"comment_status":"closed","ping_status":"closed","sticky":false,"template":"","format":"standard","meta":{"footnotes":""},"categories":[458,459,447],"tags":[10155],"class_list":["post-20977","post","type-post","status-publish","format-standard","has-post-thumbnail","","category-dunya1","category-haberler-arap-uluslararasi-politika","category-politika","tag-amerika-teror-orgutlerini-desteklemekle-suriyede-vekaletle-savas-atesini-yakti"],"_links":{"self":[{"href":"https:\/\/archive.sana.sy\/tr\/index.php?rest_route=\/wp\/v2\/posts\/20977","targetHints":{"allow":["GET"]}}],"collection":[{"href":"https:\/\/archive.sana.sy\/tr\/index.php?rest_route=\/wp\/v2\/posts"}],"about":[{"href":"https:\/\/archive.sana.sy\/tr\/index.php?rest_route=\/wp\/v2\/types\/post"}],"author":[{"embeddable":true,"href":"https:\/\/archive.sana.sy\/tr\/index.php?rest_route=\/wp\/v2\/users\/1"}],"replies":[{"embeddable":true,"href":"https:\/\/archive.sana.sy\/tr\/index.php?rest_route=%2Fwp%2Fv2%2Fcomments&post=20977"}],"version-history":[{"count":0,"href":"https:\/\/archive.sana.sy\/tr\/index.php?rest_route=\/wp\/v2\/posts\/20977\/revisions"}],"wp:featuredmedia":[{"embeddable":true,"href":"https:\/\/archive.sana.sy\/tr\/index.php?rest_route=\/wp\/v2\/media\/20978"}],"wp:attachment":[{"href":"https:\/\/archive.sana.sy\/tr\/index.php?rest_route=%2Fwp%2Fv2%2Fmedia&parent=20977"}],"wp:term":[{"taxonomy":"category","embeddable":true,"href":"https:\/\/archive.sana.sy\/tr\/index.php?rest_route=%2Fwp%2Fv2%2Fcategories&post=20977"},{"taxonomy":"post_tag","embeddable":true,"href":"https:\/\/archive.sana.sy\/tr\/index.php?rest_route=%2Fwp%2Fv2%2Ftags&post=20977"}],"curies":[{"name":"wp","href":"https:\/\/api.w.org\/{rel}","templated":true}]}}