{"id":20983,"date":"2015-01-17T12:55:04","date_gmt":"2015-01-17T10:55:04","guid":{"rendered":"http:\/\/sana.sy\/tr\/?p=20983"},"modified":"2015-01-17T13:31:36","modified_gmt":"2015-01-17T11:31:36","slug":"allaf-cift-erkeklerde-abu-dhabi-turnuvasinda-ikinciligi-elde-etti","status":"publish","type":"post","link":"https:\/\/archive.sana.sy\/tr\/?p=20983","title":{"rendered":"Allaf \u00c7ift Erkeklerde Abu Dabi Turnuvas\u0131nda \u0130kincili\u011fi Elde Etti"},"content":{"rendered":"<p>ABU DAB\u0130 \u2013 Suriyeli gen\u00e7 milli tenis\u00e7imiz Kerim Allaf ile Zimbabveli tak\u0131m arkada\u015f\u0131 Tadio \u015einamo ile Abu Dabi\u2019de d\u00fczenlenen 14. Uluslararas\u0131 Abu Dabi \u00e7ift erkekler turnuvas\u0131nda ikincili\u011fi elde ettiler.<\/p>\n<p>D\u00fcn oynanan final ma\u00e7\u0131nda Allaf ve \u015einamo \u00e7ifti Amerikan ve Suudili \u00e7ift Sebastian Mermerski ve Ammar el Hakbani\u2019ye 6-7\u2019lik iki setle 2-0 kaybederek ikincili\u011fi elde etmi\u015flerdi.<\/p>\n<p>Tek erkekler dal\u0131nda ise milli tenis\u00e7imiz Allaf, Frans\u0131z Luck Fomya \u00f6n\u00fcnde yar\u0131 finalde 6-2, 0-6 ve 3-6\u2019l\u0131k setlerle 2-1 ma\u011flup olarak turnuvay\u0131 kapad\u0131.<\/p>\n<p>Allaf&#8217;\u0131n bu y\u0131lki ikinci kat\u0131l\u0131m\u0131 da, gelecek Pazartesi g\u00fcn\u00fc ba\u015flayacak olan Birle\u015fik Arap Emirlikleri\u2019nin Uluslararas\u0131 7. Fujaira turnuvas\u0131nda olacak.<\/p>\n<p>S. \u015e.<\/p>\n","protected":false},"excerpt":{"rendered":"<p>ABU DAB\u0130 \u2013 Suriyeli gen\u00e7 milli tenis\u00e7imiz Kerim Allaf ile Zimbabveli tak\u0131m arkada\u015f\u0131 Tadio \u015einamo ile Abu Dabi\u2019de d\u00fczenlenen 14. Uluslararas\u0131 Abu Dabi \u00e7ift erkekler turnuvas\u0131nda ikincili\u011fi elde ettiler. D\u00fcn oynanan final ma\u00e7\u0131nda Allaf ve \u015einamo \u00e7ifti Amerikan ve Suudili \u00e7ift Sebastian Mermerski ve Ammar el Hakbani\u2019ye 6-7\u2019lik iki setle 2-0 kaybederek ikincili\u011fi elde etmi\u015flerdi. &hellip;<\/p>\n","protected":false},"author":1,"featured_media":20993,"comment_status":"closed","ping_status":"closed","sticky":false,"template":"","format":"standard","meta":{"footnotes":""},"categories":[498,496],"tags":[10156],"class_list":["post-20983","post","type-post","status-publish","format-standard","has-post-thumbnail","","category-dunya-turnuvalari","category-spor","tag-allaf-cift-erkeklerde-abu-dhabi-turnuvasinda-ikinciligi-elde-etti"],"_links":{"self":[{"href":"https:\/\/archive.sana.sy\/tr\/index.php?rest_route=\/wp\/v2\/posts\/20983","targetHints":{"allow":["GET"]}}],"collection":[{"href":"https:\/\/archive.sana.sy\/tr\/index.php?rest_route=\/wp\/v2\/posts"}],"about":[{"href":"https:\/\/archive.sana.sy\/tr\/index.php?rest_route=\/wp\/v2\/types\/post"}],"author":[{"embeddable":true,"href":"https:\/\/archive.sana.sy\/tr\/index.php?rest_route=\/wp\/v2\/users\/1"}],"replies":[{"embeddable":true,"href":"https:\/\/archive.sana.sy\/tr\/index.php?rest_route=%2Fwp%2Fv2%2Fcomments&post=20983"}],"version-history":[{"count":0,"href":"https:\/\/archive.sana.sy\/tr\/index.php?rest_route=\/wp\/v2\/posts\/20983\/revisions"}],"wp:featuredmedia":[{"embeddable":true,"href":"https:\/\/archive.sana.sy\/tr\/index.php?rest_route=\/wp\/v2\/media\/20993"}],"wp:attachment":[{"href":"https:\/\/archive.sana.sy\/tr\/index.php?rest_route=%2Fwp%2Fv2%2Fmedia&parent=20983"}],"wp:term":[{"taxonomy":"category","embeddable":true,"href":"https:\/\/archive.sana.sy\/tr\/index.php?rest_route=%2Fwp%2Fv2%2Fcategories&post=20983"},{"taxonomy":"post_tag","embeddable":true,"href":"https:\/\/archive.sana.sy\/tr\/index.php?rest_route=%2Fwp%2Fv2%2Ftags&post=20983"}],"curies":[{"name":"wp","href":"https:\/\/api.w.org\/{rel}","templated":true}]}}