{"id":20988,"date":"2015-01-17T13:23:03","date_gmt":"2015-01-17T11:23:03","guid":{"rendered":"http:\/\/sana.sy\/tr\/?p=20988"},"modified":"2015-01-17T13:24:37","modified_gmt":"2015-01-17T11:24:37","slug":"iran-yeniden-imar-alanindaki-tecrubelerini-suriyeye-tasima-gayretinde","status":"publish","type":"post","link":"https:\/\/archive.sana.sy\/tr\/?p=20988","title":{"rendered":"\u0130ran Yeniden \u0130mar Alan\u0131ndaki Tecr\u00fcbelerini Suriye\u2019ye Ta\u015f\u0131ma Gayretinde"},"content":{"rendered":"<p>TAHRAN \u2013 \u0130ran Ba\u015fkan\u0131 birinci m\u00fcste\u015far\u0131 \u0130ran-Suriye Ekonomik \u0130li\u015fkilerin Kalk\u0131nd\u0131r\u0131lmas\u0131 Komitesi Ba\u015fkan\u0131 R\u00fcstem Kasimi, \u00fclkesinin yeniden imar ve in\u015faat alan\u0131ndaki uzmanl\u0131k ve tecr\u00fcbelerini Suriye\u2019ye ta\u015f\u0131ma azminde olduklar\u0131n\u0131 belirtti.<\/p>\n<p>\u0130ranl\u0131 Fars Haber Ajans\u0131n\u0131n verdi\u011fi a\u00e7\u0131klamalar\u0131nda Kasimi, \u0130ran\u2019\u0131n Suriye ve kom\u015fu \u00fclkelerde ekonomiyi canland\u0131rmaya niyetli oldu\u011funa dikkat \u00e7ekerek, \u0130ran\u2019\u0131n Irak\u2019a s\u0131n\u0131rdaki H\u00fcrrem\u015fehr kentinden g\u00fcnl\u00fck 50 milyon metrek\u00fcp gaz ihra\u00e7 etme anla\u015fmas\u0131n\u0131n bulundu\u011funu ilan etti.<\/p>\n<p>Kasimi, Mehran\u2019dan ba\u015flayarak Neft \u015eehr b\u00f6lgesine oradanda Ba\u011fdat\u2019a varan gaz boru hatt\u0131n\u0131n tamamland\u0131\u011f\u0131n\u0131 ortaya \u00e7\u0131kard\u0131.<\/p>\n<p>S. \u015e.<\/p>\n","protected":false},"excerpt":{"rendered":"<p>TAHRAN \u2013 \u0130ran Ba\u015fkan\u0131 birinci m\u00fcste\u015far\u0131 \u0130ran-Suriye Ekonomik \u0130li\u015fkilerin Kalk\u0131nd\u0131r\u0131lmas\u0131 Komitesi Ba\u015fkan\u0131 R\u00fcstem Kasimi, \u00fclkesinin yeniden imar ve in\u015faat alan\u0131ndaki uzmanl\u0131k ve tecr\u00fcbelerini Suriye\u2019ye ta\u015f\u0131ma azminde olduklar\u0131n\u0131 belirtti. \u0130ranl\u0131 Fars Haber Ajans\u0131n\u0131n verdi\u011fi a\u00e7\u0131klamalar\u0131nda Kasimi, \u0130ran\u2019\u0131n Suriye ve kom\u015fu \u00fclkelerde ekonomiyi canland\u0131rmaya niyetli oldu\u011funa dikkat \u00e7ekerek, \u0130ran\u2019\u0131n Irak\u2019a s\u0131n\u0131rdaki H\u00fcrrem\u015fehr kentinden g\u00fcnl\u00fck 50 milyon metrek\u00fcp &hellip;<\/p>\n","protected":false},"author":1,"featured_media":20992,"comment_status":"closed","ping_status":"closed","sticky":false,"template":"","format":"standard","meta":{"footnotes":""},"categories":[458,485,486,459],"tags":[10157],"class_list":["post-20988","post","type-post","status-publish","format-standard","has-post-thumbnail","","category-dunya1","category-is-ve-sermaye","category-haberler-is-ve-sermaye","category-haberler-arap-uluslararasi-politika","tag-iran-yeniden-imar-alanindaki-tecrubelerini-suriyeye-tasima-gayretinde"],"_links":{"self":[{"href":"https:\/\/archive.sana.sy\/tr\/index.php?rest_route=\/wp\/v2\/posts\/20988","targetHints":{"allow":["GET"]}}],"collection":[{"href":"https:\/\/archive.sana.sy\/tr\/index.php?rest_route=\/wp\/v2\/posts"}],"about":[{"href":"https:\/\/archive.sana.sy\/tr\/index.php?rest_route=\/wp\/v2\/types\/post"}],"author":[{"embeddable":true,"href":"https:\/\/archive.sana.sy\/tr\/index.php?rest_route=\/wp\/v2\/users\/1"}],"replies":[{"embeddable":true,"href":"https:\/\/archive.sana.sy\/tr\/index.php?rest_route=%2Fwp%2Fv2%2Fcomments&post=20988"}],"version-history":[{"count":0,"href":"https:\/\/archive.sana.sy\/tr\/index.php?rest_route=\/wp\/v2\/posts\/20988\/revisions"}],"wp:featuredmedia":[{"embeddable":true,"href":"https:\/\/archive.sana.sy\/tr\/index.php?rest_route=\/wp\/v2\/media\/20992"}],"wp:attachment":[{"href":"https:\/\/archive.sana.sy\/tr\/index.php?rest_route=%2Fwp%2Fv2%2Fmedia&parent=20988"}],"wp:term":[{"taxonomy":"category","embeddable":true,"href":"https:\/\/archive.sana.sy\/tr\/index.php?rest_route=%2Fwp%2Fv2%2Fcategories&post=20988"},{"taxonomy":"post_tag","embeddable":true,"href":"https:\/\/archive.sana.sy\/tr\/index.php?rest_route=%2Fwp%2Fv2%2Ftags&post=20988"}],"curies":[{"name":"wp","href":"https:\/\/api.w.org\/{rel}","templated":true}]}}