{"id":210010,"date":"2020-05-26T14:18:43","date_gmt":"2020-05-26T11:18:43","guid":{"rendered":"http:\/\/www.sana.sy\/tr\/?p=210010"},"modified":"2020-05-28T11:47:29","modified_gmt":"2020-05-28T08:47:29","slug":"esad-ulusal-kutuphanesi-bolgenin-onemli-kulturel-bilgi-abidesi","status":"publish","type":"post","link":"https:\/\/archive.sana.sy\/tr\/?p=210010","title":{"rendered":"Esad Ulusal K\u00fct\u00fcphanesi.. B\u00f6lgenin \u00d6nemli K\u00fclt\u00fcrel Bilgi Abidesi"},"content":{"rendered":"<p>\u015eAM \u2013 1984 y\u0131l\u0131nda a\u00e7\u0131lan el Esad Ulusal K\u00fct\u00fcphanesi, \u00e7ok say\u0131da el yazmas\u0131, nadir ve arkeolojik kitaplar i\u00e7erdi\u011fi i\u00e7in Arap b\u00f6lgesinin en b\u00fcy\u00fck ve en \u00f6nemli k\u00fct\u00fcphanelerden biridir.<\/p>\n<p>Esad K\u00fct\u00fcphanesi, Suriye&#8217;nin ba\u015fkenti \u015eam&#8217;\u0131n merkezinde yer al\u0131r ve 22.000 metrekarelik bir alan \u00fczerinde kendi mimari tarz\u0131nda ve Emeviler meydan\u0131\u2019na bakmaktad\u0131r.<\/p>\n<p>Esad K\u00fct\u00fcphanesi, kitaplar, s\u00fcreli yay\u0131nlar gibi Suriye ve Arap k\u00fclt\u00fcrel miras bi\u00e7imlerini toplamak, bu materyalleri d\u00fczenlemek, bunlar\u0131n ara\u015ft\u0131rmac\u0131lar, akademisyenler, \u00fcniversite \u00f6\u011frencileri ve ilgili taraflarca kullan\u0131lmas\u0131n\u0131 kolayla\u015ft\u0131rmak gibi k\u00fclt\u00fcrel hedeflere sahiptir.<\/p>\n<p>K\u00fct\u00fcphane eski Arap miras\u0131n\u0131, \u00f6zellikle de \u201cel yazmalar\u0131\u201d alan\u0131nda, korumak i\u00e7in ondan mevcut olanlar\u0131 toplamay\u0131, sterilizasyon, restorasyon ve uygun depolarda saklamay\u0131 ama\u00e7lamaktad\u0131r.<br \/>\nK\u00fct\u00fcphane g\u00fcnl\u00fck olarak ziyaret\u00e7i almakta ve t\u00fcm okuma salonlar\u0131nda bir seferde yakla\u015f\u0131k 750 okuyucuyu konuklayabilir.<\/p>\n<p>1985&#8217;ten bu yana El Esad K\u00fct\u00fcphanesi, ard\u0131\u015f\u0131k sergiler okuyucu ve kitap aras\u0131ndaki ba\u011flant\u0131y\u0131 derinle\u015ftirdi ve Suriye&#8217;deki yay\u0131nc\u0131l\u0131k faaliyetlerini art\u0131rmaya yard\u0131mc\u0131 oldu\u011fu i\u00e7in kitap sergesinin kurulmas\u0131 \u00fczerinde \u00e7al\u0131\u015ft\u0131.<\/p>\n<p>\u00c7eviri: M.Y ve S.S<\/p>\n","protected":false},"excerpt":{"rendered":"<p>\u015eAM \u2013 1984 y\u0131l\u0131nda a\u00e7\u0131lan el Esad Ulusal K\u00fct\u00fcphanesi, \u00e7ok say\u0131da el yazmas\u0131, nadir ve arkeolojik kitaplar i\u00e7erdi\u011fi i\u00e7in Arap b\u00f6lgesinin en b\u00fcy\u00fck ve en \u00f6nemli k\u00fct\u00fcphanelerden biridir. Esad K\u00fct\u00fcphanesi, Suriye&#8217;nin ba\u015fkenti \u015eam&#8217;\u0131n merkezinde yer al\u0131r ve 22.000 metrekarelik bir alan \u00fczerinde kendi mimari tarz\u0131nda ve Emeviler meydan\u0131\u2019na bakmaktad\u0131r. Esad K\u00fct\u00fcphanesi, kitaplar, s\u00fcreli yay\u0131nlar gibi &hellip;<\/p>\n","protected":false},"author":36,"featured_media":210011,"comment_status":"closed","ping_status":"closed","sticky":false,"template":"","format":"standard","meta":{"footnotes":""},"categories":[516,479,511,17988,478],"tags":[],"class_list":["post-210010","post","type-post","status-publish","format-standard","has-post-thumbnail","","category-haberler-kultur-ve-sanat","category-haberler-yerel","category-kultur-ve-sanat","category-son-haberler","category-yerel"],"_links":{"self":[{"href":"https:\/\/archive.sana.sy\/tr\/index.php?rest_route=\/wp\/v2\/posts\/210010","targetHints":{"allow":["GET"]}}],"collection":[{"href":"https:\/\/archive.sana.sy\/tr\/index.php?rest_route=\/wp\/v2\/posts"}],"about":[{"href":"https:\/\/archive.sana.sy\/tr\/index.php?rest_route=\/wp\/v2\/types\/post"}],"author":[{"embeddable":true,"href":"https:\/\/archive.sana.sy\/tr\/index.php?rest_route=\/wp\/v2\/users\/36"}],"replies":[{"embeddable":true,"href":"https:\/\/archive.sana.sy\/tr\/index.php?rest_route=%2Fwp%2Fv2%2Fcomments&post=210010"}],"version-history":[{"count":0,"href":"https:\/\/archive.sana.sy\/tr\/index.php?rest_route=\/wp\/v2\/posts\/210010\/revisions"}],"wp:featuredmedia":[{"embeddable":true,"href":"https:\/\/archive.sana.sy\/tr\/index.php?rest_route=\/wp\/v2\/media\/210011"}],"wp:attachment":[{"href":"https:\/\/archive.sana.sy\/tr\/index.php?rest_route=%2Fwp%2Fv2%2Fmedia&parent=210010"}],"wp:term":[{"taxonomy":"category","embeddable":true,"href":"https:\/\/archive.sana.sy\/tr\/index.php?rest_route=%2Fwp%2Fv2%2Fcategories&post=210010"},{"taxonomy":"post_tag","embeddable":true,"href":"https:\/\/archive.sana.sy\/tr\/index.php?rest_route=%2Fwp%2Fv2%2Ftags&post=210010"}],"curies":[{"name":"wp","href":"https:\/\/api.w.org\/{rel}","templated":true}]}}