{"id":210055,"date":"2020-05-27T20:09:25","date_gmt":"2020-05-27T17:09:25","guid":{"rendered":"http:\/\/www.sana.sy\/tr\/?p=210055"},"modified":"2020-05-28T23:49:53","modified_gmt":"2020-05-28T20:49:53","slug":"sb-suriyede-tescil-edilen-koronavirus-vakalarindan-ikisi-sifa-buldu","status":"publish","type":"post","link":"https:\/\/archive.sana.sy\/tr\/?p=210055","title":{"rendered":"SB: Suriye&#8217;de Tescil Edilen Koronavir\u00fcs Vakalar\u0131ndan \u0130kisi \u015eifa Buldu"},"content":{"rendered":"<p style=\"text-align: justify;\">Sa\u011fl\u0131k Bakanl\u0131\u011f\u0131 bug\u00fcn Suriye&#8217;de tescil edilen korona vir\u00fcs vakalar\u0131nda\u00a0 2&#8217;sinin \u015fifa buldu\u011funu b\u00f6ylece \u015fifa bulan vaka say\u0131s\u0131n\u0131n 43&#8217;e y\u00fckseldi\u011fini ilan etti.<\/p>\n<p style=\"text-align: justify;\">Bakanl\u0131\u011f\u0131n yay\u0131nlad\u0131\u011f\u0131 ve SANA&#8217;n\u0131n da bir n\u00fcshas\u0131n\u0131 ald\u0131\u011f\u0131 beyan\u0131nda, \u00fclkede tescil edilen vaka say\u0131s\u0131n\u0131n bug\u00fcne kadar 121 oldu\u011funu bunlardan 43&#8217;\u00fcn\u00fcn iyile\u015fti\u011fini ve 4&#8217;\u00fcn\u00fcn vefat etti\u011fini a\u00e7\u0131klad\u0131.<\/p>\n","protected":false},"excerpt":{"rendered":"<p>Sa\u011fl\u0131k Bakanl\u0131\u011f\u0131 bug\u00fcn Suriye&#8217;de tescil edilen korona vir\u00fcs vakalar\u0131nda\u00a0 2&#8217;sinin \u015fifa buldu\u011funu b\u00f6ylece \u015fifa bulan vaka say\u0131s\u0131n\u0131n 43&#8217;e y\u00fckseldi\u011fini ilan etti. Bakanl\u0131\u011f\u0131n yay\u0131nlad\u0131\u011f\u0131 ve SANA&#8217;n\u0131n da bir n\u00fcshas\u0131n\u0131 ald\u0131\u011f\u0131 beyan\u0131nda, \u00fclkede tescil edilen vaka say\u0131s\u0131n\u0131n bug\u00fcne kadar 121 oldu\u011funu bunlardan 43&#8217;\u00fcn\u00fcn iyile\u015fti\u011fini ve 4&#8217;\u00fcn\u00fcn vefat etti\u011fini a\u00e7\u0131klad\u0131.<\/p>\n","protected":false},"author":1,"featured_media":210062,"comment_status":"closed","ping_status":"closed","sticky":false,"template":"","format":"standard","meta":{"footnotes":""},"categories":[479,525,478],"tags":[],"class_list":["post-210055","post","type-post","status-publish","format-standard","has-post-thumbnail","","category-haberler-yerel","category-toplum","category-yerel"],"_links":{"self":[{"href":"https:\/\/archive.sana.sy\/tr\/index.php?rest_route=\/wp\/v2\/posts\/210055","targetHints":{"allow":["GET"]}}],"collection":[{"href":"https:\/\/archive.sana.sy\/tr\/index.php?rest_route=\/wp\/v2\/posts"}],"about":[{"href":"https:\/\/archive.sana.sy\/tr\/index.php?rest_route=\/wp\/v2\/types\/post"}],"author":[{"embeddable":true,"href":"https:\/\/archive.sana.sy\/tr\/index.php?rest_route=\/wp\/v2\/users\/1"}],"replies":[{"embeddable":true,"href":"https:\/\/archive.sana.sy\/tr\/index.php?rest_route=%2Fwp%2Fv2%2Fcomments&post=210055"}],"version-history":[{"count":0,"href":"https:\/\/archive.sana.sy\/tr\/index.php?rest_route=\/wp\/v2\/posts\/210055\/revisions"}],"wp:featuredmedia":[{"embeddable":true,"href":"https:\/\/archive.sana.sy\/tr\/index.php?rest_route=\/wp\/v2\/media\/210062"}],"wp:attachment":[{"href":"https:\/\/archive.sana.sy\/tr\/index.php?rest_route=%2Fwp%2Fv2%2Fmedia&parent=210055"}],"wp:term":[{"taxonomy":"category","embeddable":true,"href":"https:\/\/archive.sana.sy\/tr\/index.php?rest_route=%2Fwp%2Fv2%2Fcategories&post=210055"},{"taxonomy":"post_tag","embeddable":true,"href":"https:\/\/archive.sana.sy\/tr\/index.php?rest_route=%2Fwp%2Fv2%2Ftags&post=210055"}],"curies":[{"name":"wp","href":"https:\/\/api.w.org\/{rel}","templated":true}]}}